{"id":76241,"date":"2024-01-20T15:00:00","date_gmt":"2024-01-20T18:00:00","guid":{"rendered":"https:\/\/tvc16.com\/portal\/?p=76241"},"modified":"2024-01-20T00:30:01","modified_gmt":"2024-01-20T03:30:01","slug":"senac-rj-abre-novas-turmas-de-capacitacao-profissional-em-petropolis","status":"publish","type":"post","link":"https:\/\/tvc16.com\/portal\/2024\/01\/20\/senac-rj-abre-novas-turmas-de-capacitacao-profissional-em-petropolis\/","title":{"rendered":"Senac RJ abre novas turmas de capacita\u00e7\u00e3o profissional em Petr\u00f3polis\u00a0\u00a0"},"content":{"rendered":"\n<p>A\u00a0unidade Senac RJ\u00a0em Petr\u00f3polis\u00a0abre novas turmas neste in\u00edcio de ano para quem busca qualifica\u00e7\u00e3o profissional nas \u00e1reas de tecnologia, beleza, sa\u00fade, decora\u00e7\u00e3o e gastronomia. As\u00a0aulas iniciam a partir do dia 17 de fevereiro\u00a0e os interessados podem se inscrever diretamente na Rua Alfredo Pach\u00e1, 26 \u2013 Centro (em frente ao Pal\u00e1cio de Cristal). Outras informa\u00e7\u00f5es podem ser obtidas pelos contatos (24) 2017-6050, WhatsApp (21) 99149-6150 ou pelo site\u00a0<a href=\"http:\/\/www.rj.senac.br\/\" target=\"_blank\" rel=\"noreferrer noopener\">www.rj.senac.br<\/a>. \u00a0\u00a0<\/p>\n\n\n\n<p>A novidade \u00e9 o recente lan\u00e7amento do curso de&nbsp;<strong>Fotografia e filmagem com drone<\/strong>&nbsp;para aprender ou aprimorar o conhecimento nesse recurso de imagem. Outras op\u00e7\u00f5es na \u00e1rea de tecnologia s\u00e3o&nbsp;<strong>Inform\u00e1tica Fundamental<\/strong>&nbsp;e&nbsp;<strong>Excel<\/strong>. &nbsp;<\/p>\n\n\n\n<p>No segmento de gastronomia, h\u00e1 vagas nos cursos de&nbsp;<strong>Preparo de p\u00e3es tradicionais<\/strong>,&nbsp;<strong>Inicia\u00e7\u00e3o ao vinho e \u00e0 enologia<\/strong>&nbsp;<strong>e Culin\u00e1ria japonesa: sushi e sashimi<\/strong>. Em beleza, as novas turmas s\u00e3o de&nbsp;<strong>Design de Sobrancelhas<\/strong>&nbsp;e&nbsp;<strong>Alongamento de c\u00edlios<\/strong>. &nbsp;<\/p>\n\n\n\n<p>Na \u00e1rea de sa\u00fade h\u00e1 oferta de curso livre de&nbsp;<strong>Assist\u00eancia de enfermagem oncol\u00f3gica<\/strong>&nbsp;e o&nbsp;<strong>T\u00e9cnico em Enfermagem<\/strong>. J\u00e1 em decora\u00e7\u00e3o, a oportunidade de aprendizado \u00e9 em&nbsp;<strong>Organiza\u00e7\u00e3o de espa\u00e7os residenciais<\/strong>.&nbsp;<\/p>\n\n\n\n<p><strong>Senac RJ<\/strong>&nbsp;&nbsp;<\/p>\n\n\n\n<p>H\u00e1 78 anos o Senac RJ atua na profissionaliza\u00e7\u00e3o de m\u00e3o de obra para o setor do Com\u00e9rcio de Bens, Servi\u00e7os e Turismo no Estado do Rio de Janeiro. A institui\u00e7\u00e3o de ensino, que desde janeiro de 2023 \u00e9 signat\u00e1ria do Pacto Global da ONU, investe fortemente em inclus\u00e3o social por meio de capacita\u00e7\u00e3o para o mercado de trabalho e \u00e9 reconhecida como refer\u00eancia na oferta de cursos profissionalizantes.&nbsp;&nbsp;&nbsp;<\/p>\n\n\n\n<p><strong><u>Servi\u00e7o<\/u>:&nbsp;<\/strong>&nbsp;<\/p>\n\n\n\n<p><strong>Senac RJ Petr\u00f3polis &nbsp;&nbsp;<\/strong><\/p>\n\n\n\n<p>Rua Alfredo Pach\u00e1, 26 \u2013 Centro (em frente ao Pal\u00e1cio de Cristal)&nbsp;<\/p>\n\n\n\n<p>Informa\u00e7\u00f5es: (24) 2017-6050 \/ WhatsApp (21) 99149-6150&nbsp;\/&nbsp;<a href=\"http:\/\/www.rj.senac.br\/\" target=\"_blank\" rel=\"noreferrer noopener\">www.rj.senac.br<\/a>&nbsp;&nbsp;<\/p>\n\n\n\n<p><strong>Cursos:&nbsp;<\/strong><\/p>\n\n\n\n<p><strong>Excel |<\/strong>&nbsp;In\u00edcio: 17\/02 | S\u00e1bados, das 9 \u00e0s 13h&nbsp;<\/p>\n\n\n\n<p><strong>Fotografia e Filmagem com Drone |<\/strong>&nbsp;In\u00edcio: 19\/02 | Segundas, das 13h \u00e0s 17h&nbsp;<\/p>\n\n\n\n<p><strong>T\u00e9cnico em Enfermagem |<\/strong>&nbsp;In\u00edcio: 19\/02 | Segunda a sexta, das 8h \u00e0s 12h&nbsp;<\/p>\n\n\n\n<p><strong>Inform\u00e1tica Fundamental |<\/strong>&nbsp;In\u00edcio: 20\/02 | Ter\u00e7as e quintas, das 18h30 \u00e0s 21h30&nbsp;<\/p>\n\n\n\n<p><strong>Design de Sobrancelhas |<\/strong>&nbsp;In\u00edcio: 22\/02 | Quintas, das 8h \u00e0s 12h&nbsp;<\/p>\n\n\n\n<p><strong>Assist\u00eancia de Enfermagem Oncol\u00f3gica |&nbsp;<\/strong>In\u00edcio: 02\/03 | S\u00e1bados, das 8h \u00e0s 14h&nbsp;<\/p>\n\n\n\n<p><strong>Culin\u00e1ria Japonesa: Sushi e Sashimi |<\/strong>&nbsp;In\u00edcio: 09\/03 | S\u00e1bados, das 9h \u00e0s 13h&nbsp;<\/p>\n\n\n\n<p><strong>Organiza\u00e7\u00e3o de Espa\u00e7os Residenciais |<\/strong>&nbsp;In\u00edcio: 12\/03 | Ter\u00e7as e quintas, das 18h30 \u00e0s 21h30&nbsp;<\/p>\n\n\n\n<p><strong>Preparo de P\u00e3es Tradicionais |<\/strong>&nbsp;In\u00edcio: 18\/03 | Segundas, das 8h \u00e0s 12h&nbsp;<\/p>\n\n\n\n<p><strong>Alongamento de C\u00edlios |<\/strong>&nbsp;In\u00edcio: 22\/03 | Sextas, das 8h \u00e0s 12h&nbsp;<\/p>\n\n\n\n<p><strong>Inicia\u00e7\u00e3o ao Vinho e \u00e0 Enologia |<\/strong>&nbsp;In\u00edcio: 28\/03 | Quintas, das 18h30 \u00e0s 21h30&nbsp;<\/p>\n","protected":false},"excerpt":{"rendered":"<p>A\u00a0unidade Senac RJ\u00a0em Petr\u00f3polis\u00a0abre novas turmas neste in\u00edcio de ano para quem busca qualifica\u00e7\u00e3o profissional<\/p>\n","protected":false},"author":2,"featured_media":76242,"comment_status":"open","ping_status":"open","sticky":false,"template":"","format":"standard","meta":{"footnotes":""},"categories":[12],"tags":[],"class_list":["post-76241","post","type-post","status-publish","format-standard","has-post-thumbnail","hentry","category-cidade"],"_links":{"self":[{"href":"https:\/\/tvc16.com\/portal\/wp-json\/wp\/v2\/posts\/76241","targetHints":{"allow":["GET"]}}],"collection":[{"href":"https:\/\/tvc16.com\/portal\/wp-json\/wp\/v2\/posts"}],"about":[{"href":"https:\/\/tvc16.com\/portal\/wp-json\/wp\/v2\/types\/post"}],"author":[{"embeddable":true,"href":"https:\/\/tvc16.com\/portal\/wp-json\/wp\/v2\/users\/2"}],"replies":[{"embeddable":true,"href":"https:\/\/tvc16.com\/portal\/wp-json\/wp\/v2\/comments?post=76241"}],"version-history":[{"count":1,"href":"https:\/\/tvc16.com\/portal\/wp-json\/wp\/v2\/posts\/76241\/revisions"}],"predecessor-version":[{"id":76243,"href":"https:\/\/tvc16.com\/portal\/wp-json\/wp\/v2\/posts\/76241\/revisions\/76243"}],"wp:featuredmedia":[{"embeddable":true,"href":"https:\/\/tvc16.com\/portal\/wp-json\/wp\/v2\/media\/76242"}],"wp:attachment":[{"href":"https:\/\/tvc16.com\/portal\/wp-json\/wp\/v2\/media?parent=76241"}],"wp:term":[{"taxonomy":"category","embeddable":true,"href":"https:\/\/tvc16.com\/portal\/wp-json\/wp\/v2\/categories?post=76241"},{"taxonomy":"post_tag","embeddable":true,"href":"https:\/\/tvc16.com\/portal\/wp-json\/wp\/v2\/tags?post=76241"}],"curies":[{"name":"wp","href":"https:\/\/api.w.org\/{rel}","templated":true}]}}