{"id":7625,"date":"2020-12-06T12:31:11","date_gmt":"2020-12-06T15:31:11","guid":{"rendered":"https:\/\/tvc16.com\/portal\/?p=7625"},"modified":"2020-12-06T12:31:13","modified_gmt":"2020-12-06T15:31:13","slug":"sonho-de-ser-bailarino-classico-pode-se-realizar-no-rio-de-janeiro","status":"publish","type":"post","link":"https:\/\/tvc16.com\/portal\/2020\/12\/06\/sonho-de-ser-bailarino-classico-pode-se-realizar-no-rio-de-janeiro\/","title":{"rendered":"Sonho de ser bailarino cl\u00e1ssico pode se realizar no Rio de Janeiro"},"content":{"rendered":"\n<h2 class=\"wp-block-heading\">Escola Estadual de Dan\u00e7a Maria Olenewa est\u00e1 com inscri\u00e7\u00f5es abertas<\/h2>\n\n\n\n<p>Crian\u00e7as e jovens de todo o pa\u00eds que sonham em se tornar bailarinos cl\u00e1ssicos e fazer parte da mais antiga institui\u00e7\u00e3o dedicada ao ensino de dan\u00e7a e \u00e0 forma\u00e7\u00e3o de bailarinos cl\u00e1ssicos t\u00eam at\u00e9 o pr\u00f3ximo dia 11 para se inscreverem na Escola Estadual de Dan\u00e7a Maria Olenewa (EEDMO), situada no Theatro Municipal do Rio&nbsp;de Janeiro.<img decoding=\"async\" src=\"https:\/\/agenciabrasil.ebc.com.br\/ebc.png?id=1395661&amp;o=node\"><img decoding=\"async\" src=\"https:\/\/agenciabrasil.ebc.com.br\/ebc.gif?id=1395661&amp;o=node\"><\/p>\n\n\n\n<p>Podem se inscrever crian\u00e7as e jovens na faixa et\u00e1ria de 8 a 21 anos de idade. Acesse a&nbsp;<a href=\"https:\/\/drive.google.com\/file\/d\/1XTuxh1qRO-q8OEeUyypGy4P5AkvSy7Bh\/view\" target=\"_blank\" rel=\"noreferrer noopener\">ficha de inscri\u00e7\u00e3o<\/a>&nbsp;. Para mais informa\u00e7\u00f5es acesse @mariaolenewa no Instagram ou por email: eedmoinscricoes2021@gmail.com<\/p>\n\n\n\n<p>Os documentos necess\u00e1rios incluem foto 3&#215;4, registro de identidade ou certid\u00e3o de nascimento, Cadastro de Pessoa F\u00edsica (CPF), comprovante de resid\u00eancia. A taxa de inscri\u00e7\u00e3o \u00e9 de R$ 60.&nbsp;A idade m\u00ednima at\u00e9 a data da prova \u00e9 de 8 anos.<\/p>\n\n\n\n<figure class=\"wp-block-image\"><img decoding=\"async\" src=\"https:\/\/imagens.ebc.com.br\/08D4VsbxmSCgqffZ9LMvzRzu3S4=\/754x0\/smart\/https:\/\/agenciabrasil.ebc.com.br\/sites\/default\/files\/thumbnails\/image\/cc094bab-1e5e-4872-9933-bb2e65bd64ed.jpeg?itok=E1QeI-1G\" alt=\"Bailarina Renata Fraz\u00e3o formada pela EEDMO em 2017\" title=\"Carlos Veras\/EEDMO\/Direitos Reservados\"\/><\/figure>\n\n\n\n<h6 class=\"wp-block-heading\">Bailarina Renata Fraz\u00e3o formada pela EEDMO em 2017 &#8211;\u00a0<strong>Carlos Veras\/EEDMO\/Direitos Reservados<\/strong><\/h6>\n\n\n\n<p>Por Alana Gandra &#8211; Rep\u00f3rter da Ag\u00eancia Brasil &#8211; Rio de Janeiro<\/p>\n\n\n\n<p>Edi\u00e7\u00e3o: Liliane Farias<\/p>\n","protected":false},"excerpt":{"rendered":"<p>Foto de arquivo<\/p>\n","protected":false},"author":2,"featured_media":7626,"comment_status":"open","ping_status":"open","sticky":false,"template":"","format":"standard","meta":{"footnotes":""},"categories":[19],"tags":[],"class_list":["post-7625","post","type-post","status-publish","format-standard","has-post-thumbnail","hentry","category-educacao"],"_links":{"self":[{"href":"https:\/\/tvc16.com\/portal\/wp-json\/wp\/v2\/posts\/7625","targetHints":{"allow":["GET"]}}],"collection":[{"href":"https:\/\/tvc16.com\/portal\/wp-json\/wp\/v2\/posts"}],"about":[{"href":"https:\/\/tvc16.com\/portal\/wp-json\/wp\/v2\/types\/post"}],"author":[{"embeddable":true,"href":"https:\/\/tvc16.com\/portal\/wp-json\/wp\/v2\/users\/2"}],"replies":[{"embeddable":true,"href":"https:\/\/tvc16.com\/portal\/wp-json\/wp\/v2\/comments?post=7625"}],"version-history":[{"count":1,"href":"https:\/\/tvc16.com\/portal\/wp-json\/wp\/v2\/posts\/7625\/revisions"}],"predecessor-version":[{"id":7627,"href":"https:\/\/tvc16.com\/portal\/wp-json\/wp\/v2\/posts\/7625\/revisions\/7627"}],"wp:featuredmedia":[{"embeddable":true,"href":"https:\/\/tvc16.com\/portal\/wp-json\/wp\/v2\/media\/7626"}],"wp:attachment":[{"href":"https:\/\/tvc16.com\/portal\/wp-json\/wp\/v2\/media?parent=7625"}],"wp:term":[{"taxonomy":"category","embeddable":true,"href":"https:\/\/tvc16.com\/portal\/wp-json\/wp\/v2\/categories?post=7625"},{"taxonomy":"post_tag","embeddable":true,"href":"https:\/\/tvc16.com\/portal\/wp-json\/wp\/v2\/tags?post=7625"}],"curies":[{"name":"wp","href":"https:\/\/api.w.org\/{rel}","templated":true}]}}