{"id":76253,"date":"2024-01-20T10:00:00","date_gmt":"2024-01-20T13:00:00","guid":{"rendered":"https:\/\/tvc16.com\/portal\/?p=76253"},"modified":"2024-01-20T00:52:09","modified_gmt":"2024-01-20T03:52:09","slug":"secretaria-de-estado-de-saude-envia-alerta-aos-92-municipios-e-recomenda-estagio-de-atencao-para-preservacao-de-estoques-de-vacinas","status":"publish","type":"post","link":"https:\/\/tvc16.com\/portal\/2024\/01\/20\/secretaria-de-estado-de-saude-envia-alerta-aos-92-municipios-e-recomenda-estagio-de-atencao-para-preservacao-de-estoques-de-vacinas\/","title":{"rendered":"Secretaria de Estado de Sa\u00fade envia alerta aos 92 munic\u00edpios e recomenda est\u00e1gio de aten\u00e7\u00e3o para preserva\u00e7\u00e3o de estoques de vacinas"},"content":{"rendered":"\n<p><em>Previs\u00e3o de temporais para o fim de semana motivaram as recomenda\u00e7\u00f5es especiais para evitar perda de imunizantes em enchentes e com quedas de energia el\u00e9trica<\/em><\/p>\n\n\n\n<p>Devido \u00e0 possibilidade de chuvas fortes no estado do Rio de Janeiro no fim de semana, a Secretaria de Estado de Sa\u00fade (SES-RJ) emitiu nesta sexta-feira (19\/01) um alerta para os 92 munic\u00edpios do estado sobre cuidados com seus estoques de vacinas em caso de novas enchentes. O documento da Secretaria recomenda que as secretarias municipais de Sa\u00fade entrem em est\u00e1gio de aten\u00e7\u00e3o para preserva\u00e7\u00e3o dos imunizantes.<\/p>\n\n\n\n<p>\u201cNeste momento, todos os 92 munic\u00edpios dever\u00e3o entrar em est\u00e1gio de aten\u00e7\u00e3o com rela\u00e7\u00e3o ao monitoramento de suas cadeias de frio, o que envolve o armazenamento e o transporte das vacinas, preservando todas as condi\u00e7\u00f5es de refrigera\u00e7\u00e3o e garantindo a sua conserva\u00e7\u00e3o em seguran\u00e7a com base nas normas do Minist\u00e9rio da Sa\u00fade\u201d, frisa a secret\u00e1ria de Estado de Sa\u00fade Claudia Mello.<\/p>\n\n\n\n<p>No documento, enviado a todas as prefeituras do estado do Rio de Janeiro e ao Conselho de Secretarias Municipais de Sa\u00fade do Estado do Rio de Janeiro (Cosems), a Secretaria de Estado de Sa\u00fade faz 5 recomenda\u00e7\u00f5es primordiais:<br>a cadeia de frio dever\u00e1 ser monitorada em tempo integral;<br>deve-se garantir o funcionamento dos equipamentos da rede de frio e dos geradores de energia (utilizados para suprir a falta de energia el\u00e9trica);<br>remo\u00e7\u00e3o dos imunobiol\u00f3gicos para local que permita armazenagem em seguran\u00e7a;<br>notifica\u00e7\u00e3o imediata das ocorr\u00eancias de suspeita de desvio de qualidade de imunobiol\u00f3gicos \u00e0 Ger\u00eancia de Imuniza\u00e7\u00e3o;<br>e educa\u00e7\u00e3o continuada dos profissionais que atuam na cadeia de frio.<\/p>\n\n\n\n<p>O of\u00edcio tamb\u00e9m faz men\u00e7\u00e3o \u00e0 exposi\u00e7\u00e3o de indiv\u00edduos a \u00e1guas de enchentes e a acidentes com materiais cortantes. A recomenda\u00e7\u00e3o \u00e9 procurar um posto de sa\u00fade para que ocorra a vacina\u00e7\u00e3o contra o t\u00e9tano e hepatites, considerando sempre a situa\u00e7\u00e3o de cada indiv\u00edduo.<\/p>\n\n\n\n<p>A previs\u00e3o do Instituto Estadual do Ambiente (Inea) indica instabilidade nas condi\u00e7\u00f5es clim\u00e1ticas, devido \u00e0 passagem de uma frente fria, no s\u00e1bado e no domingo, com probabilidade de enchentes e eleva\u00e7\u00e3o do n\u00edvel dos rios e grandes acumulados de chuva em v\u00e1rias regi\u00f5es do estado.<\/p>\n","protected":false},"excerpt":{"rendered":"<p>Previs\u00e3o de temporais para o fim de semana motivaram as recomenda\u00e7\u00f5es especiais para evitar perda<\/p>\n","protected":false},"author":2,"featured_media":76254,"comment_status":"open","ping_status":"open","sticky":false,"template":"","format":"standard","meta":{"footnotes":""},"categories":[17],"tags":[],"class_list":["post-76253","post","type-post","status-publish","format-standard","has-post-thumbnail","hentry","category-outras-noticias"],"_links":{"self":[{"href":"https:\/\/tvc16.com\/portal\/wp-json\/wp\/v2\/posts\/76253","targetHints":{"allow":["GET"]}}],"collection":[{"href":"https:\/\/tvc16.com\/portal\/wp-json\/wp\/v2\/posts"}],"about":[{"href":"https:\/\/tvc16.com\/portal\/wp-json\/wp\/v2\/types\/post"}],"author":[{"embeddable":true,"href":"https:\/\/tvc16.com\/portal\/wp-json\/wp\/v2\/users\/2"}],"replies":[{"embeddable":true,"href":"https:\/\/tvc16.com\/portal\/wp-json\/wp\/v2\/comments?post=76253"}],"version-history":[{"count":1,"href":"https:\/\/tvc16.com\/portal\/wp-json\/wp\/v2\/posts\/76253\/revisions"}],"predecessor-version":[{"id":76255,"href":"https:\/\/tvc16.com\/portal\/wp-json\/wp\/v2\/posts\/76253\/revisions\/76255"}],"wp:featuredmedia":[{"embeddable":true,"href":"https:\/\/tvc16.com\/portal\/wp-json\/wp\/v2\/media\/76254"}],"wp:attachment":[{"href":"https:\/\/tvc16.com\/portal\/wp-json\/wp\/v2\/media?parent=76253"}],"wp:term":[{"taxonomy":"category","embeddable":true,"href":"https:\/\/tvc16.com\/portal\/wp-json\/wp\/v2\/categories?post=76253"},{"taxonomy":"post_tag","embeddable":true,"href":"https:\/\/tvc16.com\/portal\/wp-json\/wp\/v2\/tags?post=76253"}],"curies":[{"name":"wp","href":"https:\/\/api.w.org\/{rel}","templated":true}]}}