{"id":76264,"date":"2024-01-20T18:00:00","date_gmt":"2024-01-20T21:00:00","guid":{"rendered":"https:\/\/tvc16.com\/portal\/?p=76264"},"modified":"2024-01-20T17:51:34","modified_gmt":"2024-01-20T20:51:34","slug":"claudio-castro-visita-obra-em-rio-na-baixada-fluminense-e-destaca-investimentos-na-prevencao-de-enchentes","status":"publish","type":"post","link":"https:\/\/tvc16.com\/portal\/2024\/01\/20\/claudio-castro-visita-obra-em-rio-na-baixada-fluminense-e-destaca-investimentos-na-prevencao-de-enchentes\/","title":{"rendered":"Cl\u00e1udio Castro visita obra em rio na Baixada Fluminense e destaca investimentos na preven\u00e7\u00e3o de enchentes"},"content":{"rendered":"\n<p><em>Governo do Estado j\u00e1 investiu mais de R$ 4,3 bilh\u00f5es pelo PactoRJ em a\u00e7\u00f5es para evitar transtornos com temporais<\/em><\/p>\n\n\n\n<p>O governador Cl\u00e1udio Castro visitou na manh\u00e3 deste s\u00e1bado (20\/01) as obras de canaliza\u00e7\u00e3o de um trecho do Rio Roncador, em Duque de Caxias, na Baixada Fluminense. Trata-se de uma das maiores interven\u00e7\u00f5es que o Governo do Estado vem fazendo, por meio do Instituto Estadual do Ambiente (Inea), em \u00e1reas consideradas de risco no Estado do Rio, com o objetivo de mitigar estragos provocados por recorrentes temporais. O investimento no Rio Roncador \u00e9 de cerca de R$ 100 milh\u00f5es.<\/p>\n\n\n\n<figure class=\"wp-block-image size-large\"><img loading=\"lazy\" decoding=\"async\" width=\"1024\" height=\"652\" src=\"https:\/\/tvc16.com\/portal\/wp-content\/uploads\/2024\/01\/obas-baixada-1-1024x652.jpg\" alt=\"\" class=\"wp-image-76266\" srcset=\"https:\/\/tvc16.com\/portal\/wp-content\/uploads\/2024\/01\/obas-baixada-1-1024x652.jpg 1024w, https:\/\/tvc16.com\/portal\/wp-content\/uploads\/2024\/01\/obas-baixada-1-300x191.jpg 300w, https:\/\/tvc16.com\/portal\/wp-content\/uploads\/2024\/01\/obas-baixada-1-768x489.jpg 768w, https:\/\/tvc16.com\/portal\/wp-content\/uploads\/2024\/01\/obas-baixada-1.jpg 1233w\" sizes=\"auto, (max-width: 1024px) 100vw, 1024px\" \/><\/figure>\n\n\n\n<p>&#8211; Tenho acompanhado o trabalho preventivo que vem sendo executado para a redu\u00e7\u00e3o de danos e impactos gerados pelas fortes chuvas. Desde&nbsp;2021, o Governo do Estado est\u00e1 investindo, por meio do PactoRJ, R$ 4,3 bilh\u00f5es em obras dessa natureza em todo o territ\u00f3rio fluminense \u2013 afirmou o governador, que conversou com moradores da regi\u00e3o.<\/p>\n\n\n\n<figure class=\"wp-block-image size-large\"><img loading=\"lazy\" decoding=\"async\" width=\"1024\" height=\"699\" src=\"https:\/\/tvc16.com\/portal\/wp-content\/uploads\/2024\/01\/obras-baixada-3-1024x699.jpg\" alt=\"\" class=\"wp-image-76267\" srcset=\"https:\/\/tvc16.com\/portal\/wp-content\/uploads\/2024\/01\/obras-baixada-3-1024x699.jpg 1024w, https:\/\/tvc16.com\/portal\/wp-content\/uploads\/2024\/01\/obras-baixada-3-300x205.jpg 300w, https:\/\/tvc16.com\/portal\/wp-content\/uploads\/2024\/01\/obras-baixada-3-768x524.jpg 768w, https:\/\/tvc16.com\/portal\/wp-content\/uploads\/2024\/01\/obras-baixada-3.jpg 1300w\" sizes=\"auto, (max-width: 1024px) 100vw, 1024px\" \/><\/figure>\n\n\n\n<p>Isabel Cristina Oliveira de Souza, 62 anos, resumiu o sentimento dos moradores da regi\u00e3o.<\/p>\n\n\n\n<p>&#8211; Moro h\u00e1 30 anos nesta localidade (Nova Campinas) e nunca tinha visto uma obra deste porte. J\u00e1 sentimos os efeitos positivos, mesmo com a obra ainda em andamento, pois nas \u00faltimas chuvas, n\u00f3s n\u00e3o tivemos nossas casas inundadas &#8211; ressaltou.<\/p>\n\n\n\n<p>Castro lembrou que os projetos do governo s\u00e3o pautados pelos Objetivos de Desenvolvimento Sustent\u00e1vel (ODS) estabelecidos pela ONU e por a\u00e7\u00f5es do Limpa Rio. Nos \u00faltimos tr\u00eas anos, tamb\u00e9m foram realizados outros projetos com foco na preven\u00e7\u00e3o de cat\u00e1strofes, totalizando mais de R$ 1 bilh\u00e3o. S\u00e3o interven\u00e7\u00f5es para drenagem, pavimenta\u00e7\u00e3o asf\u00e1ltica, conten\u00e7\u00e3o de encostas, obras de micro e macrodrenagem pluvial e outras melhorias para garantir a seguran\u00e7a da popula\u00e7\u00e3o e um estado mais sustent\u00e1vel.<\/p>\n\n\n\n<p><strong>Sobre o Rio Roncador<\/strong><\/p>\n\n\n\n<p>A obra contempla os servi\u00e7os de desassoreamento, adequa\u00e7\u00e3o da calha, implanta\u00e7\u00e3o de galerias retangulares, em um trecho de aproximadamente 5 quil\u00f4metros do Rio Roncador. As interven\u00e7\u00f5es v\u00e3o mitigar os efeitos das cheias na regi\u00e3o. De acordo com o Inea, a obra, que j\u00e1 est\u00e1 com mais de 60 % executada, \u00e9 de responsabilidade da empresa Hydra.<\/p>\n\n\n\n<p>Com o objetivo de aquecer a economia local, 70% dos colaboradores que trabalham nas obras do Rio Roncador s\u00e3o moradores de Nova Campina, outro bairro beneficiado. O Inea tamb\u00e9m executar\u00e1 o projeto de urbaniza\u00e7\u00e3o do local. A iniciativa, desenvolvida pela Prefeitura de Duque de Caxias, ainda ser\u00e1 licitada.<\/p>\n\n\n\n<p>Segundo o planejamento do Estado, a partir da licita\u00e7\u00e3o, a urbaniza\u00e7\u00e3o ter\u00e1 a previs\u00e3o de seis meses para ser conclu\u00edda. O projeto enviado pela prefeitura contempla a cria\u00e7\u00e3o de uma ciclovia e passeio com piso intertravado. Tamb\u00e9m est\u00e3o previstos os seguintes equipamentos para a localidade: 3 quadras poliesportivas, 4 quadras de areia, 1 futmesa, playground, academia da longevidade, \u00e1reas arborizadas e gramadas, amplia\u00e7\u00e3o da via lateral, e \u00e1reas contemplativas com mesas e bancos de concreto<\/p>\n\n\n\n<p><strong>Mais investimento em Caxias<\/strong><\/p>\n\n\n\n<p>As obras do Canal Calomb\u00e9, no segundo distrito de Duque de Caxias, tamb\u00e9m est\u00e3o a todo vapor. Por meio de um investimento de mais de R$ 69 milh\u00f5es, a interven\u00e7\u00e3o contempla os servi\u00e7os de desassoreamento, adequa\u00e7\u00e3o da calha, e implanta\u00e7\u00e3o de galerias retangulares, em um trecho de aproximadamente 4 quil\u00f4metros.<\/p>\n\n\n\n<p>Com 24% executadas, a obra \u00e9 mais uma a\u00e7\u00e3o do Governo do Estado com o objetivo de controlar os impactos das enchentes e diminuir as consequ\u00eancias das chuvas. Os servi\u00e7os come\u00e7aram em mar\u00e7o de 2023 e tem previs\u00e3o de t\u00e9rmino para fevereiro de 2025.<\/p>\n","protected":false},"excerpt":{"rendered":"<p>Governo do Estado j\u00e1 investiu mais de R$ 4,3 bilh\u00f5es pelo PactoRJ em a\u00e7\u00f5es para<\/p>\n","protected":false},"author":2,"featured_media":76265,"comment_status":"open","ping_status":"open","sticky":false,"template":"","format":"standard","meta":{"footnotes":""},"categories":[17],"tags":[],"class_list":["post-76264","post","type-post","status-publish","format-standard","has-post-thumbnail","hentry","category-outras-noticias"],"_links":{"self":[{"href":"https:\/\/tvc16.com\/portal\/wp-json\/wp\/v2\/posts\/76264","targetHints":{"allow":["GET"]}}],"collection":[{"href":"https:\/\/tvc16.com\/portal\/wp-json\/wp\/v2\/posts"}],"about":[{"href":"https:\/\/tvc16.com\/portal\/wp-json\/wp\/v2\/types\/post"}],"author":[{"embeddable":true,"href":"https:\/\/tvc16.com\/portal\/wp-json\/wp\/v2\/users\/2"}],"replies":[{"embeddable":true,"href":"https:\/\/tvc16.com\/portal\/wp-json\/wp\/v2\/comments?post=76264"}],"version-history":[{"count":1,"href":"https:\/\/tvc16.com\/portal\/wp-json\/wp\/v2\/posts\/76264\/revisions"}],"predecessor-version":[{"id":76268,"href":"https:\/\/tvc16.com\/portal\/wp-json\/wp\/v2\/posts\/76264\/revisions\/76268"}],"wp:featuredmedia":[{"embeddable":true,"href":"https:\/\/tvc16.com\/portal\/wp-json\/wp\/v2\/media\/76265"}],"wp:attachment":[{"href":"https:\/\/tvc16.com\/portal\/wp-json\/wp\/v2\/media?parent=76264"}],"wp:term":[{"taxonomy":"category","embeddable":true,"href":"https:\/\/tvc16.com\/portal\/wp-json\/wp\/v2\/categories?post=76264"},{"taxonomy":"post_tag","embeddable":true,"href":"https:\/\/tvc16.com\/portal\/wp-json\/wp\/v2\/tags?post=76264"}],"curies":[{"name":"wp","href":"https:\/\/api.w.org\/{rel}","templated":true}]}}