{"id":76273,"date":"2024-01-20T19:00:00","date_gmt":"2024-01-20T22:00:00","guid":{"rendered":"https:\/\/tvc16.com\/portal\/?p=76273"},"modified":"2024-01-20T18:23:29","modified_gmt":"2024-01-20T21:23:29","slug":"alinhamento-de-acoes-integradas-entre-policia-militar-e-policia-civil","status":"publish","type":"post","link":"https:\/\/tvc16.com\/portal\/2024\/01\/20\/alinhamento-de-acoes-integradas-entre-policia-militar-e-policia-civil\/","title":{"rendered":"Alinhamento de A\u00e7\u00f5es integradas entre Pol\u00edcia Militar e Pol\u00edcia Civil"},"content":{"rendered":"\n<p>O secret\u00e1rio de Pol\u00edcia Civil, delegado Marcus Amim, participou de uma reuni\u00e3o no in\u00edcio da tarde deste s\u00e1bado (20), com o secret\u00e1rio de Pol\u00edcia Militar, coronel Luiz Henrique Pires. Em pauta, o alinhamento estrat\u00e9gico de a\u00e7\u00f5es integradas entre as institui\u00e7\u00f5es.<\/p>\n\n\n\n<p>O encontro aconteceu no Quartel General da Pol\u00edcia Militar, no Centro do Rio de Janeiro e contou com a participa\u00e7\u00e3o da alta administra\u00e7\u00e3o das pol\u00edcias.<\/p>\n","protected":false},"excerpt":{"rendered":"<p>O secret\u00e1rio de Pol\u00edcia Civil, delegado Marcus Amim, participou de uma reuni\u00e3o no in\u00edcio da<\/p>\n","protected":false},"author":2,"featured_media":76274,"comment_status":"open","ping_status":"open","sticky":false,"template":"","format":"standard","meta":{"footnotes":""},"categories":[17],"tags":[],"class_list":["post-76273","post","type-post","status-publish","format-standard","has-post-thumbnail","hentry","category-outras-noticias"],"_links":{"self":[{"href":"https:\/\/tvc16.com\/portal\/wp-json\/wp\/v2\/posts\/76273","targetHints":{"allow":["GET"]}}],"collection":[{"href":"https:\/\/tvc16.com\/portal\/wp-json\/wp\/v2\/posts"}],"about":[{"href":"https:\/\/tvc16.com\/portal\/wp-json\/wp\/v2\/types\/post"}],"author":[{"embeddable":true,"href":"https:\/\/tvc16.com\/portal\/wp-json\/wp\/v2\/users\/2"}],"replies":[{"embeddable":true,"href":"https:\/\/tvc16.com\/portal\/wp-json\/wp\/v2\/comments?post=76273"}],"version-history":[{"count":1,"href":"https:\/\/tvc16.com\/portal\/wp-json\/wp\/v2\/posts\/76273\/revisions"}],"predecessor-version":[{"id":76275,"href":"https:\/\/tvc16.com\/portal\/wp-json\/wp\/v2\/posts\/76273\/revisions\/76275"}],"wp:featuredmedia":[{"embeddable":true,"href":"https:\/\/tvc16.com\/portal\/wp-json\/wp\/v2\/media\/76274"}],"wp:attachment":[{"href":"https:\/\/tvc16.com\/portal\/wp-json\/wp\/v2\/media?parent=76273"}],"wp:term":[{"taxonomy":"category","embeddable":true,"href":"https:\/\/tvc16.com\/portal\/wp-json\/wp\/v2\/categories?post=76273"},{"taxonomy":"post_tag","embeddable":true,"href":"https:\/\/tvc16.com\/portal\/wp-json\/wp\/v2\/tags?post=76273"}],"curies":[{"name":"wp","href":"https:\/\/api.w.org\/{rel}","templated":true}]}}