{"id":76276,"date":"2024-01-20T20:00:00","date_gmt":"2024-01-20T23:00:00","guid":{"rendered":"https:\/\/tvc16.com\/portal\/?p=76276"},"modified":"2024-01-20T18:31:30","modified_gmt":"2024-01-20T21:31:30","slug":"mpf-cobra-protecao-de-bens-do-patrimonio-brasileiro","status":"publish","type":"post","link":"https:\/\/tvc16.com\/portal\/2024\/01\/20\/mpf-cobra-protecao-de-bens-do-patrimonio-brasileiro\/","title":{"rendered":"MPF cobra prote\u00e7\u00e3o de bens do Patrim\u00f4nio Brasileiro"},"content":{"rendered":"\n<p>Investiga\u00e7\u00f5es demonstraram a neglig\u00eancia de institui\u00e7\u00f5es e \u00f3rg\u00e3os de controle na preserva\u00e7\u00e3o de pe\u00e7as de valor hist\u00f3rico e cultural, como obras de arte e itens eclesi\u00e1sticos. At\u00e9 mesmo f\u00f3sseis brasileiros t\u00eam sido alvo recorrente de tr\u00e1fico em redes internacionais de compra e venda. A estimativa \u00e9 de que pelo menos 2.200 bens tenham sido subtra\u00eddos do territ\u00f3rio nacional.<\/p>\n\n\n\n<p>Diante disso, o MPF entrou com uma a\u00e7\u00e3o contra a Uni\u00e3o, o Instituto do Patrim\u00f4nio Hist\u00f3rico e Art\u00edstico Nacional (Iphan) e o Instituto Brasileiro de Museus (Ibram) para que sejam implementados protocolos e rotinas eficazes a fim de garantir a prote\u00e7\u00e3o de bens do patrim\u00f4nio hist\u00f3rico e cultural brasileiro, sobretudo, contra furto, roubo e tr\u00e1fico. Em car\u00e1ter emergencial, os \u00f3rg\u00e3os devem tamb\u00e9m ser obrigados a atualizar as listas de itens desaparecidos e a cadastrar as informa\u00e7\u00f5es em bases de dados internacionais.<\/p>\n\n\n\n<p>Na a\u00e7\u00e3o, o MPF pede ainda que seja apresentado um plano de atua\u00e7\u00e3o coordenada entre os \u00f3rg\u00e3os respons\u00e1veis pela prote\u00e7\u00e3o de bens culturais, as institui\u00e7\u00f5es ligadas \u00e0 seguran\u00e7a p\u00fablica e as entidades privadas com expertise na \u00e1rea, fixando as diretrizes gerais a serem seguidas. Al\u00e9m disso, os r\u00e9us devem apresentar \u00e0 Justi\u00e7a uma rela\u00e7\u00e3o detalhada das provid\u00eancias tomadas para cumprir as determina\u00e7\u00f5es, sob pena de multa di\u00e1ria de R$ 500 mil.<\/p>\n\n\n\n<p><em>Minist\u00e9rio Publico Federal<\/em><\/p>\n","protected":false},"excerpt":{"rendered":"<p>Investiga\u00e7\u00f5es demonstraram a neglig\u00eancia de institui\u00e7\u00f5es e \u00f3rg\u00e3os de controle na preserva\u00e7\u00e3o de pe\u00e7as de<\/p>\n","protected":false},"author":2,"featured_media":76277,"comment_status":"open","ping_status":"open","sticky":false,"template":"","format":"standard","meta":{"footnotes":""},"categories":[17],"tags":[],"class_list":["post-76276","post","type-post","status-publish","format-standard","has-post-thumbnail","hentry","category-outras-noticias"],"_links":{"self":[{"href":"https:\/\/tvc16.com\/portal\/wp-json\/wp\/v2\/posts\/76276","targetHints":{"allow":["GET"]}}],"collection":[{"href":"https:\/\/tvc16.com\/portal\/wp-json\/wp\/v2\/posts"}],"about":[{"href":"https:\/\/tvc16.com\/portal\/wp-json\/wp\/v2\/types\/post"}],"author":[{"embeddable":true,"href":"https:\/\/tvc16.com\/portal\/wp-json\/wp\/v2\/users\/2"}],"replies":[{"embeddable":true,"href":"https:\/\/tvc16.com\/portal\/wp-json\/wp\/v2\/comments?post=76276"}],"version-history":[{"count":1,"href":"https:\/\/tvc16.com\/portal\/wp-json\/wp\/v2\/posts\/76276\/revisions"}],"predecessor-version":[{"id":76278,"href":"https:\/\/tvc16.com\/portal\/wp-json\/wp\/v2\/posts\/76276\/revisions\/76278"}],"wp:featuredmedia":[{"embeddable":true,"href":"https:\/\/tvc16.com\/portal\/wp-json\/wp\/v2\/media\/76277"}],"wp:attachment":[{"href":"https:\/\/tvc16.com\/portal\/wp-json\/wp\/v2\/media?parent=76276"}],"wp:term":[{"taxonomy":"category","embeddable":true,"href":"https:\/\/tvc16.com\/portal\/wp-json\/wp\/v2\/categories?post=76276"},{"taxonomy":"post_tag","embeddable":true,"href":"https:\/\/tvc16.com\/portal\/wp-json\/wp\/v2\/tags?post=76276"}],"curies":[{"name":"wp","href":"https:\/\/api.w.org\/{rel}","templated":true}]}}