{"id":76279,"date":"2024-01-20T19:13:09","date_gmt":"2024-01-20T22:13:09","guid":{"rendered":"https:\/\/tvc16.com\/portal\/?p=76279"},"modified":"2024-01-20T20:01:42","modified_gmt":"2024-01-20T23:01:42","slug":"acidente-com-carreta-em-duque-de-caxias","status":"publish","type":"post","link":"https:\/\/tvc16.com\/portal\/2024\/01\/20\/acidente-com-carreta-em-duque-de-caxias\/","title":{"rendered":"Acidente com carreta em Duque de Caxias"},"content":{"rendered":"\n<p>A Concer, informou no in\u00edcio da noite deste s\u00e1bado (20), que a BR-040 apresenta congestionamento, com tr\u00e2nsito fluindo com lentid\u00e3o em Duque de Caxias, altura do km 112 (em Campos El\u00edsios), sentido Rio de Janeiro.<\/p>\n\n\n\n<p>O fato se deve a um acidente com uma carreta, que transportava 01 container que tombou e atravessou a grade divis\u00f3ria de pista, 02 faixas no sentido Juiz de Fora e 02 faixas no sentido Rio de Janeiro precisaram ser fechadas por motivo de seguran\u00e7a dos demais motoristas. O motorista  foi socorrido com ferimentos leves.<\/p>\n\n\n\n<p>Equipes da Pol\u00edcia Rodovi\u00e1ria Federal &#8211; PRF, Concer e Bombeiros em atendimento \u00e0 ocorr\u00eancia.<\/p>\n\n\n\n<p>Atualizada \u00e0s 19h52.<\/p>\n","protected":false},"excerpt":{"rendered":"<p>A Concer, informou no in\u00edcio da noite deste s\u00e1bado (20), que a BR-040 apresenta congestionamento,<\/p>\n","protected":false},"author":2,"featured_media":76287,"comment_status":"open","ping_status":"open","sticky":false,"template":"","format":"standard","meta":{"footnotes":""},"categories":[12],"tags":[],"class_list":["post-76279","post","type-post","status-publish","format-standard","has-post-thumbnail","hentry","category-cidade"],"_links":{"self":[{"href":"https:\/\/tvc16.com\/portal\/wp-json\/wp\/v2\/posts\/76279","targetHints":{"allow":["GET"]}}],"collection":[{"href":"https:\/\/tvc16.com\/portal\/wp-json\/wp\/v2\/posts"}],"about":[{"href":"https:\/\/tvc16.com\/portal\/wp-json\/wp\/v2\/types\/post"}],"author":[{"embeddable":true,"href":"https:\/\/tvc16.com\/portal\/wp-json\/wp\/v2\/users\/2"}],"replies":[{"embeddable":true,"href":"https:\/\/tvc16.com\/portal\/wp-json\/wp\/v2\/comments?post=76279"}],"version-history":[{"count":2,"href":"https:\/\/tvc16.com\/portal\/wp-json\/wp\/v2\/posts\/76279\/revisions"}],"predecessor-version":[{"id":76288,"href":"https:\/\/tvc16.com\/portal\/wp-json\/wp\/v2\/posts\/76279\/revisions\/76288"}],"wp:featuredmedia":[{"embeddable":true,"href":"https:\/\/tvc16.com\/portal\/wp-json\/wp\/v2\/media\/76287"}],"wp:attachment":[{"href":"https:\/\/tvc16.com\/portal\/wp-json\/wp\/v2\/media?parent=76279"}],"wp:term":[{"taxonomy":"category","embeddable":true,"href":"https:\/\/tvc16.com\/portal\/wp-json\/wp\/v2\/categories?post=76279"},{"taxonomy":"post_tag","embeddable":true,"href":"https:\/\/tvc16.com\/portal\/wp-json\/wp\/v2\/tags?post=76279"}],"curies":[{"name":"wp","href":"https:\/\/api.w.org\/{rel}","templated":true}]}}