{"id":7628,"date":"2020-12-06T12:37:16","date_gmt":"2020-12-06T15:37:16","guid":{"rendered":"https:\/\/tvc16.com\/portal\/?p=7628"},"modified":"2020-12-06T12:37:18","modified_gmt":"2020-12-06T15:37:18","slug":"policia-alema-interrompe-protesto-contra-medidas-para-conter-covid-19","status":"publish","type":"post","link":"https:\/\/tvc16.com\/portal\/2020\/12\/06\/policia-alema-interrompe-protesto-contra-medidas-para-conter-covid-19\/","title":{"rendered":"Pol\u00edcia alem\u00e3 interrompe protesto contra medidas para conter covid-19"},"content":{"rendered":"\n<h3 class=\"wp-block-heading\">Manifesta\u00e7\u00e3o em Bremen foi proibida pelo Tribunal Constitucional<\/h3>\n\n\n\n<p>A pol\u00edcia alem\u00e3 interrompeu neste s\u00e1bado (5), na cidade de Bremen, uma manifesta\u00e7\u00e3o de pessoas contr\u00e1rias \u00e0s medidas de bloqueio para conter o novo coronav\u00edrus, depois que o protesto havia sido proibido pelo tribunal superior do pa\u00eds.<img decoding=\"async\" src=\"https:\/\/agenciabrasil.ebc.com.br\/ebc.png?id=1395635&amp;o=node\"><img decoding=\"async\" src=\"https:\/\/agenciabrasil.ebc.com.br\/ebc.gif?id=1395635&amp;o=node\"><\/p>\n\n\n\n<p>O Tribunal Constitucional da Alemanha manteve as decis\u00f5es anteriores de tribunais inferiores, que j\u00e1 haviam negado a permiss\u00e3o para 20 mil manifestantes se reunirem no centro da cidade de Bremen.<\/p>\n\n\n\n<p>No entanto, centenas de pessoas, ainda assim, se reuniram, algumas delas contr\u00e1rias \u00e0s medidas do governo para conter o avan\u00e7o do novo coronav\u00edrus e outras que participavam uma manifesta\u00e7\u00e3o favor\u00e1vel \u00e0s restri\u00e7\u00f5es.<\/p>\n\n\n\n<p>A pol\u00edcia de Bremen disse, no Twitter, que estava tentando manter os grupos separados e acabar com a aglomera\u00e7\u00e3o proibida, al\u00e9m de pedir \u00e0s pessoas que usassem m\u00e1scaras.<\/p>\n\n\n\n<p>No m\u00eas passado, a pol\u00edcia lan\u00e7ou canh\u00f5es de \u00e1gua e&nbsp;<em>spray&nbsp;<\/em>de pimenta em um esfor\u00e7o para espalhar milhares de manifestantes na capital, Berlim, irritados com as restri\u00e7\u00f5es \u00e0 popula\u00e7\u00e3o para evitar a propaga\u00e7\u00e3o do v\u00edrus.<\/p>\n\n\n\n<p>Embora a maioria dos alem\u00e3es aceite o mais recente \u201cbloqueio\u00a0<em>ligh<\/em>t\u201d para conter uma segunda onda do coronav\u00edrus, cr\u00edticos dizem que as medidas colocam em risco os direitos civis dos cidad\u00e3os.<\/p>\n\n\n\n<p>Por Ag\u00eancia Reuters &#8211; Berlim<\/p>\n","protected":false},"excerpt":{"rendered":"<p>Manifesta\u00e7\u00e3o em Bremen foi proibida pelo Tribunal Constitucional A pol\u00edcia alem\u00e3 interrompeu neste s\u00e1bado (5),<\/p>\n","protected":false},"author":2,"featured_media":7629,"comment_status":"open","ping_status":"open","sticky":false,"template":"","format":"standard","meta":{"footnotes":""},"categories":[22],"tags":[],"class_list":["post-7628","post","type-post","status-publish","format-standard","has-post-thumbnail","hentry","category-internacional"],"_links":{"self":[{"href":"https:\/\/tvc16.com\/portal\/wp-json\/wp\/v2\/posts\/7628","targetHints":{"allow":["GET"]}}],"collection":[{"href":"https:\/\/tvc16.com\/portal\/wp-json\/wp\/v2\/posts"}],"about":[{"href":"https:\/\/tvc16.com\/portal\/wp-json\/wp\/v2\/types\/post"}],"author":[{"embeddable":true,"href":"https:\/\/tvc16.com\/portal\/wp-json\/wp\/v2\/users\/2"}],"replies":[{"embeddable":true,"href":"https:\/\/tvc16.com\/portal\/wp-json\/wp\/v2\/comments?post=7628"}],"version-history":[{"count":1,"href":"https:\/\/tvc16.com\/portal\/wp-json\/wp\/v2\/posts\/7628\/revisions"}],"predecessor-version":[{"id":7630,"href":"https:\/\/tvc16.com\/portal\/wp-json\/wp\/v2\/posts\/7628\/revisions\/7630"}],"wp:featuredmedia":[{"embeddable":true,"href":"https:\/\/tvc16.com\/portal\/wp-json\/wp\/v2\/media\/7629"}],"wp:attachment":[{"href":"https:\/\/tvc16.com\/portal\/wp-json\/wp\/v2\/media?parent=7628"}],"wp:term":[{"taxonomy":"category","embeddable":true,"href":"https:\/\/tvc16.com\/portal\/wp-json\/wp\/v2\/categories?post=7628"},{"taxonomy":"post_tag","embeddable":true,"href":"https:\/\/tvc16.com\/portal\/wp-json\/wp\/v2\/tags?post=7628"}],"curies":[{"name":"wp","href":"https:\/\/api.w.org\/{rel}","templated":true}]}}