{"id":76281,"date":"2024-01-21T12:00:00","date_gmt":"2024-01-21T15:00:00","guid":{"rendered":"https:\/\/tvc16.com\/portal\/?p=76281"},"modified":"2024-01-20T19:24:04","modified_gmt":"2024-01-20T22:24:04","slug":"curso-de-condutores-de-caes-reune-participantes-das-guardas-municipais-de-barra-mansa-e-de-cardoso-moreira-em-teresopolis","status":"publish","type":"post","link":"https:\/\/tvc16.com\/portal\/2024\/01\/21\/curso-de-condutores-de-caes-reune-participantes-das-guardas-municipais-de-barra-mansa-e-de-cardoso-moreira-em-teresopolis\/","title":{"rendered":"Curso de condutores de c\u00e3es re\u00fane participantes das guardas municipais de\u00a0 Barra Mansa e de Cardoso Moreira em\u00a0Teres\u00f3polis"},"content":{"rendered":"\n<p>Realizado pela Secretaria de Seguran\u00e7a P\u00fablica, por meio da Guarda Civil Municipal de Teres\u00f3polis (GCM), o&nbsp;2\u00ba Curso de Condutores de C\u00e3es de Trabalho&nbsp;re\u00fane&nbsp;integrantes das guardas municipais das cidades de Barra Mansa e de Cardoso Moreira. O&nbsp;objetivo \u00e9&nbsp;a forma\u00e7\u00e3o e&nbsp;o dom\u00ednio&nbsp;da t\u00e9cnica de condutores,&nbsp;para&nbsp;que os participantes desempenhem suas fun\u00e7\u00f5es com efici\u00eancia em seus munic\u00edpios.&nbsp;<\/p>\n\n\n\n<p>\u201cNo primeiro curso, realizado em 2020, tivemos 18 agentes formados. Agora, estamos capacitando o pessoal desses dois munic\u00edpios.\u00a0Com o reconhecimento do trabalho da\u00a0nossa Equipe K9, que ganhou sede adequada e foi ampliada na gest\u00e3o do Prefeito Vinicius Claussen,\u00a0somos cada vez mais requisitados tanto para ministrar treinamentos como para atuar em conjunto com as for\u00e7as de seguran\u00e7a\u201d, comentou o secret\u00e1rio de Seguran\u00e7a P\u00fablica, Marcos Ant\u00f4nio da Luz.<\/p>\n\n\n\n<figure class=\"wp-block-image size-large\"><img loading=\"lazy\" decoding=\"async\" width=\"1024\" height=\"683\" src=\"https:\/\/tvc16.com\/portal\/wp-content\/uploads\/2024\/01\/curso-de-condutores-1-1024x683.jpg\" alt=\"\" class=\"wp-image-76283\" srcset=\"https:\/\/tvc16.com\/portal\/wp-content\/uploads\/2024\/01\/curso-de-condutores-1-1024x683.jpg 1024w, https:\/\/tvc16.com\/portal\/wp-content\/uploads\/2024\/01\/curso-de-condutores-1-300x200.jpg 300w, https:\/\/tvc16.com\/portal\/wp-content\/uploads\/2024\/01\/curso-de-condutores-1-768x512.jpg 768w, https:\/\/tvc16.com\/portal\/wp-content\/uploads\/2024\/01\/curso-de-condutores-1-1536x1024.jpg 1536w, https:\/\/tvc16.com\/portal\/wp-content\/uploads\/2024\/01\/curso-de-condutores-1-2048x1365.jpg 2048w, https:\/\/tvc16.com\/portal\/wp-content\/uploads\/2024\/01\/curso-de-condutores-1-900x600.jpg 900w\" sizes=\"auto, (max-width: 1024px) 100vw, 1024px\" \/><\/figure>\n\n\n\n<p><strong>O curso:\u00a0<\/strong>Com 110 horas-aula, o treinamento segue at\u00e9 o dia 26 de janeiro e inclui temas como condu\u00e7\u00e3o com c\u00e3o de prote\u00e7\u00e3o, obedi\u00eancia e bem-estar animal,\u00a0patrulha na rua, condu\u00e7\u00e3o em dist\u00farbio civil, condu\u00e7\u00e3o de detec\u00e7\u00e3o e legisla\u00e7\u00e3o penal do trabalho.\u00a0As atividades s\u00e3o realizadas no Horto Municipal de Teres\u00f3polis &#8211;\u00a0que abriga a sede\u00a0da 1\u00aa Companhia de Opera\u00e7\u00f5es com C\u00e3es da GCM,\u00a0e tamb\u00e9m na Pra\u00e7a Ol\u00edmpica Lu\u00eds de Cam\u00f5es e na garagem da Prefeitura, onde s\u00e3o realizados exerc\u00edcios\u00a0de detec\u00e7\u00e3o de armas e de materiais entorpecentes.<\/p>\n\n\n\n<p>\u201cS\u00e3o duas semanas de curso com v\u00e1rias atividades pr\u00e1ticas, para que os agentes de Barra Mansa e de Cardoso Moreira possam implantar logo esse servi\u00e7o com c\u00e3es nos seus munic\u00edpios, refor\u00e7ando a seguran\u00e7a p\u00fablica com mais um atendimento de qualidade. Outra meta \u00e9 que eles possam instalar a cinoterapia, trabalho que faz um diferencial e que tem a simpatia da&nbsp;popula\u00e7\u00e3o\u201d,&nbsp;frisou Gil Wellington, comandante da GCM.<\/p>\n\n\n\n<figure class=\"wp-block-image size-large\"><img loading=\"lazy\" decoding=\"async\" width=\"1024\" height=\"575\" src=\"https:\/\/tvc16.com\/portal\/wp-content\/uploads\/2024\/01\/curso-condutores-3-1024x575.jpg\" alt=\"\" class=\"wp-image-76284\" srcset=\"https:\/\/tvc16.com\/portal\/wp-content\/uploads\/2024\/01\/curso-condutores-3-1024x575.jpg 1024w, https:\/\/tvc16.com\/portal\/wp-content\/uploads\/2024\/01\/curso-condutores-3-300x169.jpg 300w, https:\/\/tvc16.com\/portal\/wp-content\/uploads\/2024\/01\/curso-condutores-3-768x431.jpg 768w, https:\/\/tvc16.com\/portal\/wp-content\/uploads\/2024\/01\/curso-condutores-3-1536x863.jpg 1536w, https:\/\/tvc16.com\/portal\/wp-content\/uploads\/2024\/01\/curso-condutores-3-2048x1151.jpg 2048w\" sizes=\"auto, (max-width: 1024px) 100vw, 1024px\" \/><\/figure>\n\n\n\n<p><strong>Equipe K9:&nbsp;<\/strong>A Companhia de Opera\u00e7\u00f5es com C\u00e3es (K9) da Guarda Civil Municipal de Teres\u00f3polis participa desde 2014 de a\u00e7\u00f5es conjuntas com a Pol\u00edcia Militar, Pol\u00edcia Civil e Pol\u00edcia Rodovi\u00e1ria Federal. S\u00e3o nove&nbsp;animais atuando na&nbsp;detec\u00e7\u00e3o de subst\u00e2ncias entorpecentes e de armas, busca e resgate de pessoas, controle de dist\u00farbios e prote\u00e7\u00e3o. Os c\u00e3es tamb\u00e9m fazem parte do projeto de cinoterapia. Nesse trabalho terap\u00eautico, implantado pela Guarda Municipal em 2019,&nbsp; os animais s\u00e3o conduzidos a institui\u00e7\u00f5es e&nbsp;a setores p\u00fablicos,&nbsp;onde interagem com idosos, crian\u00e7as e adolescentes.&nbsp;Dessa experi\u00eancia costumam ser observados benef\u00edcios psicol\u00f3gicos e sociais pelos pacientes e internos.<\/p>\n\n\n\n<p><em><strong>Fotos: Jorge Maravilha<\/strong><\/em><\/p>\n","protected":false},"excerpt":{"rendered":"<p>Realizado pela Secretaria de Seguran\u00e7a P\u00fablica, por meio da Guarda Civil Municipal de Teres\u00f3polis (GCM),<\/p>\n","protected":false},"author":2,"featured_media":76282,"comment_status":"open","ping_status":"open","sticky":false,"template":"","format":"standard","meta":{"footnotes":""},"categories":[17],"tags":[],"class_list":["post-76281","post","type-post","status-publish","format-standard","has-post-thumbnail","hentry","category-outras-noticias"],"_links":{"self":[{"href":"https:\/\/tvc16.com\/portal\/wp-json\/wp\/v2\/posts\/76281","targetHints":{"allow":["GET"]}}],"collection":[{"href":"https:\/\/tvc16.com\/portal\/wp-json\/wp\/v2\/posts"}],"about":[{"href":"https:\/\/tvc16.com\/portal\/wp-json\/wp\/v2\/types\/post"}],"author":[{"embeddable":true,"href":"https:\/\/tvc16.com\/portal\/wp-json\/wp\/v2\/users\/2"}],"replies":[{"embeddable":true,"href":"https:\/\/tvc16.com\/portal\/wp-json\/wp\/v2\/comments?post=76281"}],"version-history":[{"count":1,"href":"https:\/\/tvc16.com\/portal\/wp-json\/wp\/v2\/posts\/76281\/revisions"}],"predecessor-version":[{"id":76285,"href":"https:\/\/tvc16.com\/portal\/wp-json\/wp\/v2\/posts\/76281\/revisions\/76285"}],"wp:featuredmedia":[{"embeddable":true,"href":"https:\/\/tvc16.com\/portal\/wp-json\/wp\/v2\/media\/76282"}],"wp:attachment":[{"href":"https:\/\/tvc16.com\/portal\/wp-json\/wp\/v2\/media?parent=76281"}],"wp:term":[{"taxonomy":"category","embeddable":true,"href":"https:\/\/tvc16.com\/portal\/wp-json\/wp\/v2\/categories?post=76281"},{"taxonomy":"post_tag","embeddable":true,"href":"https:\/\/tvc16.com\/portal\/wp-json\/wp\/v2\/tags?post=76281"}],"curies":[{"name":"wp","href":"https:\/\/api.w.org\/{rel}","templated":true}]}}