{"id":76289,"date":"2024-01-21T15:00:00","date_gmt":"2024-01-21T18:00:00","guid":{"rendered":"https:\/\/tvc16.com\/portal\/?p=76289"},"modified":"2024-01-20T20:04:51","modified_gmt":"2024-01-20T23:04:51","slug":"servicos-publicos-e-subprefeituras-se-unem-para-realizacao-de-mutiroes-de-limpeza-em-nova-friburgo","status":"publish","type":"post","link":"https:\/\/tvc16.com\/portal\/2024\/01\/21\/servicos-publicos-e-subprefeituras-se-unem-para-realizacao-de-mutiroes-de-limpeza-em-nova-friburgo\/","title":{"rendered":"Servi\u00e7os P\u00fablicos e Subprefeituras se unem para realiza\u00e7\u00e3o de mutir\u00f5es de limpeza em Nova Friburgo"},"content":{"rendered":"\n<p>A Prefeitura de Nova Friburgo est\u00e1 mobilizando equipes de trabalho para intensificar as a\u00e7\u00f5es de limpeza nos bairros e distritos. No \u00faltimo final de semana, a Secretaria de Servi\u00e7os P\u00fablicos se uniu com as equipes da Subprefeitura de Olaria, C\u00f4nego e Cascatinha para ampliar o atendimento \u00e0s demandas do bairro mais populoso de Nova Friburgo.\u00a0<\/p>\n\n\n\n<p>A a\u00e7\u00e3o realizou servi\u00e7os como capina, limpeza de ruas, recolhimento de entulhos e podas de \u00e1rvores, envolvendo 74 funcion\u00e1rios no total, al\u00e9m de m\u00e1quinas e caminh\u00f5es dando o devido suporte. O servi\u00e7o em Olaria ter\u00e1 continuidade neste final de semana, sendo ampliado para os arredores nas pr\u00f3ximas etapas.&nbsp;<\/p>\n\n\n\n<p>\u201cEste \u00e9 um momento de parceria, de unir as for\u00e7as da Secretaria de Servi\u00e7os P\u00fablicos e das subprefeituras de Olaria e Conselheiro Paulino para atender a popula\u00e7\u00e3o da melhor forma poss\u00edvel\u201d \u2013 destacou o secret\u00e1rio de Servi\u00e7os P\u00fablicos, Marcelo Silva. Em breve o mutir\u00e3o partir\u00e1 para o distrito de Conselheiro Paulino, j\u00e1 que a regi\u00e3o, al\u00e9m de muito populosa, abrange uma grande \u00e1rea do munic\u00edpio e \u00e9 composta por muitos bairros.<\/p>\n","protected":false},"excerpt":{"rendered":"<p>A Prefeitura de Nova Friburgo est\u00e1 mobilizando equipes de trabalho para intensificar as a\u00e7\u00f5es de<\/p>\n","protected":false},"author":2,"featured_media":76290,"comment_status":"open","ping_status":"open","sticky":false,"template":"","format":"standard","meta":{"footnotes":""},"categories":[17],"tags":[],"class_list":["post-76289","post","type-post","status-publish","format-standard","has-post-thumbnail","hentry","category-outras-noticias"],"_links":{"self":[{"href":"https:\/\/tvc16.com\/portal\/wp-json\/wp\/v2\/posts\/76289","targetHints":{"allow":["GET"]}}],"collection":[{"href":"https:\/\/tvc16.com\/portal\/wp-json\/wp\/v2\/posts"}],"about":[{"href":"https:\/\/tvc16.com\/portal\/wp-json\/wp\/v2\/types\/post"}],"author":[{"embeddable":true,"href":"https:\/\/tvc16.com\/portal\/wp-json\/wp\/v2\/users\/2"}],"replies":[{"embeddable":true,"href":"https:\/\/tvc16.com\/portal\/wp-json\/wp\/v2\/comments?post=76289"}],"version-history":[{"count":1,"href":"https:\/\/tvc16.com\/portal\/wp-json\/wp\/v2\/posts\/76289\/revisions"}],"predecessor-version":[{"id":76291,"href":"https:\/\/tvc16.com\/portal\/wp-json\/wp\/v2\/posts\/76289\/revisions\/76291"}],"wp:featuredmedia":[{"embeddable":true,"href":"https:\/\/tvc16.com\/portal\/wp-json\/wp\/v2\/media\/76290"}],"wp:attachment":[{"href":"https:\/\/tvc16.com\/portal\/wp-json\/wp\/v2\/media?parent=76289"}],"wp:term":[{"taxonomy":"category","embeddable":true,"href":"https:\/\/tvc16.com\/portal\/wp-json\/wp\/v2\/categories?post=76289"},{"taxonomy":"post_tag","embeddable":true,"href":"https:\/\/tvc16.com\/portal\/wp-json\/wp\/v2\/tags?post=76289"}],"curies":[{"name":"wp","href":"https:\/\/api.w.org\/{rel}","templated":true}]}}