{"id":76295,"date":"2024-01-21T17:00:00","date_gmt":"2024-01-21T20:00:00","guid":{"rendered":"https:\/\/tvc16.com\/portal\/?p=76295"},"modified":"2024-01-20T20:25:18","modified_gmt":"2024-01-20T23:25:18","slug":"em-24h-mais-de-200-mil-se-inscrevem-no-concurso-nacional-unificado","status":"publish","type":"post","link":"https:\/\/tvc16.com\/portal\/2024\/01\/21\/em-24h-mais-de-200-mil-se-inscrevem-no-concurso-nacional-unificado\/","title":{"rendered":"Em 24h, mais de 200 mil se inscrevem no Concurso Nacional Unificado"},"content":{"rendered":"\n<p><em>Por Felipe Pontes &#8211; Ag\u00eancia Brasil &#8211; Bras\u00edlia<\/em><\/p>\n\n\n\n<p>Nas primeiras 24 horas, 217 mil pessoas se inscreveram para o Concurso P\u00fablico Nacional Unificado (CNU), informou neste s\u00e1bado (20), em Bras\u00edlia, o Minist\u00e9rio da Gest\u00e3o e da Inova\u00e7\u00e3o em Servi\u00e7os P\u00fablicos. As inscri\u00e7\u00f5es abriram \u00e0s 10h de sexta-feira (19) e v\u00e3o at\u00e9 9 de fevereiro.&nbsp;<img decoding=\"async\" src=\"https:\/\/agenciabrasil.ebc.com.br\/ebc.png?id=1577176&amp;o=node\"><img decoding=\"async\" src=\"https:\/\/agenciabrasil.ebc.com.br\/ebc.gif?id=1577176&amp;o=node\"><\/p>\n\n\n\n<p>O maior n\u00famero de inscri\u00e7\u00f5es relaciona-se a vagas de n\u00edvel m\u00e9dio, com mais de 93 mil candidatos. Dado o volume de acesso, a plataforma \u00fanica de inscri\u00e7\u00f5es&nbsp;enfrentou instabilidade ao longo da sexta-feira. O problema foi resolvido, segundo o minist\u00e9rio. &nbsp;<\/p>\n\n\n\n<p>Ao todo, o governo federal pretende preencher 6.640 vagas em 21 \u00f3rg\u00e3os que aderiram ao CNU. Os sal\u00e1rios iniciais variam de R$ 3.741,84 a R$ 22.921,70.&nbsp;<\/p>\n\n\n\n<p>A pessoa interessada no certame deve acessar a plataforma Gov.br, onde logo na primeira p\u00e1gina encontra o link para inscri\u00e7\u00e3o. O candidato deve escolher quais carreiras tem interesse. Elas est\u00e3o divididas em oito blocos tem\u00e1ticos, cada um com edital pr\u00f3prio. &nbsp;&nbsp;<\/p>\n\n\n\n<h2 class=\"wp-block-heading\">Provas ser\u00e3o em maio<\/h2>\n\n\n\n<p>As provas ser\u00e3o aplicadas no dia 5 de maio, em 220 cidades, distribu\u00eddas em todos os estados e no Distrito Federal. A taxa de inscri\u00e7\u00e3o \u00e9 R$ 60 para vagas de n\u00edvel m\u00e9dio e R$ 90 para vagas de n\u00edvel superior.&nbsp;<\/p>\n\n\n\n<p>Est\u00e3o isentos candidatos que integram o Cadastro \u00danico para Programas Sociais (Cad\u00danico) e que cursam ou cursaram faculdade com apoio do Fundo de Financiamento ao Estudante do Ensino Superior (Fies) ou do Programa Universidade para Todos (ProUni), assim como doadores de medula \u00f3ssea.&nbsp;<\/p>\n\n\n\n<p>No ato da inscri\u00e7\u00e3o, ser\u00e1 gerada uma Guia de Recolhimento da Uni\u00e3o (GRU), \u00fanico mecanismo de pagamento que valer\u00e1 para o concurso.&nbsp;<\/p>\n\n\n\n<p>Confira abaixo o n\u00famero de inscritos por bloco tem\u00e1tico nas primeiras 24 horas: &nbsp;<\/p>\n\n\n\n<p>Bloco 1&nbsp;\u2013 Infraestrutura, Exatas e Engenharias &nbsp;<\/p>\n\n\n\n<p>7.788 &nbsp;<\/p>\n\n\n\n<p>Bloco 2&nbsp;\u2013 Tecnologia, Dados e Informa\u00e7\u00e3o &nbsp;<\/p>\n\n\n\n<p>7.476 &nbsp;<\/p>\n\n\n\n<p>Bloco 3&nbsp;\u2013 Ambiental, Agr\u00e1rio e Biol\u00f3gicas &nbsp;<\/p>\n\n\n\n<p>7.682 &nbsp;<\/p>\n\n\n\n<p>Bloco 4&nbsp;\u2013 Trabalho e Sa\u00fade do Servidor &nbsp;<\/p>\n\n\n\n<p>31.671 &nbsp;<\/p>\n\n\n\n<p>Bloco 5&nbsp;\u2013 Educa\u00e7\u00e3o, Sa\u00fade, Desenvolvimento Social e Direitos Humanos &nbsp;<\/p>\n\n\n\n<p>27.422 &nbsp;<\/p>\n\n\n\n<p>Bloco 6&nbsp;\u2013 Setores Econ\u00f4micos e Regula\u00e7\u00e3o &nbsp;<\/p>\n\n\n\n<p>6.611 &nbsp;<\/p>\n\n\n\n<p>Bloco 7&nbsp;\u2013 Gest\u00e3o Governamental e Administra\u00e7\u00e3o P\u00fablica &nbsp;<\/p>\n\n\n\n<p>36.177 &nbsp;<\/p>\n\n\n\n<p>Bloco 8&nbsp;\u2013 N\u00edvel Intermedi\u00e1rio &nbsp;<\/p>\n\n\n\n<p>93.453 \u00a0<\/p>\n\n\n\n<p><\/p>\n","protected":false},"excerpt":{"rendered":"<p>Por Felipe Pontes &#8211; Ag\u00eancia Brasil &#8211; Bras\u00edlia Nas primeiras 24 horas, 217 mil pessoas<\/p>\n","protected":false},"author":2,"featured_media":76296,"comment_status":"open","ping_status":"open","sticky":false,"template":"","format":"standard","meta":{"footnotes":""},"categories":[17],"tags":[],"class_list":["post-76295","post","type-post","status-publish","format-standard","has-post-thumbnail","hentry","category-outras-noticias"],"_links":{"self":[{"href":"https:\/\/tvc16.com\/portal\/wp-json\/wp\/v2\/posts\/76295","targetHints":{"allow":["GET"]}}],"collection":[{"href":"https:\/\/tvc16.com\/portal\/wp-json\/wp\/v2\/posts"}],"about":[{"href":"https:\/\/tvc16.com\/portal\/wp-json\/wp\/v2\/types\/post"}],"author":[{"embeddable":true,"href":"https:\/\/tvc16.com\/portal\/wp-json\/wp\/v2\/users\/2"}],"replies":[{"embeddable":true,"href":"https:\/\/tvc16.com\/portal\/wp-json\/wp\/v2\/comments?post=76295"}],"version-history":[{"count":1,"href":"https:\/\/tvc16.com\/portal\/wp-json\/wp\/v2\/posts\/76295\/revisions"}],"predecessor-version":[{"id":76297,"href":"https:\/\/tvc16.com\/portal\/wp-json\/wp\/v2\/posts\/76295\/revisions\/76297"}],"wp:featuredmedia":[{"embeddable":true,"href":"https:\/\/tvc16.com\/portal\/wp-json\/wp\/v2\/media\/76296"}],"wp:attachment":[{"href":"https:\/\/tvc16.com\/portal\/wp-json\/wp\/v2\/media?parent=76295"}],"wp:term":[{"taxonomy":"category","embeddable":true,"href":"https:\/\/tvc16.com\/portal\/wp-json\/wp\/v2\/categories?post=76295"},{"taxonomy":"post_tag","embeddable":true,"href":"https:\/\/tvc16.com\/portal\/wp-json\/wp\/v2\/tags?post=76295"}],"curies":[{"name":"wp","href":"https:\/\/api.w.org\/{rel}","templated":true}]}}