{"id":76301,"date":"2024-01-21T19:00:00","date_gmt":"2024-01-21T22:00:00","guid":{"rendered":"https:\/\/tvc16.com\/portal\/?p=76301"},"modified":"2024-01-21T12:36:01","modified_gmt":"2024-01-21T15:36:01","slug":"aereas-brasileiras-cancelam-voos-para-argentina-no-dia-24-por-greve","status":"publish","type":"post","link":"https:\/\/tvc16.com\/portal\/2024\/01\/21\/aereas-brasileiras-cancelam-voos-para-argentina-no-dia-24-por-greve\/","title":{"rendered":"A\u00e9reas brasileiras cancelam voos para Argentina no dia 24 por greve"},"content":{"rendered":"\n<p>Por Alana Gandra &#8211; Ag\u00eancia Brasil &#8211; Rio de Janeiro<\/p>\n\n\n\n<p>A empresa a\u00e9rea Gol cancelou seus voos de ida e volta nos aeroportos da Argentina na pr\u00f3xima quarta-feira (24), em decorr\u00eancia da greve geral anunciada pela Confedera\u00e7\u00e3o Geral do Trabalho (CGT) daquele pa\u00eds, em dezembro passado, para essa data. A medida foi tomada tendo em vista que a greve afetar\u00e1 toda a opera\u00e7\u00e3o aeroportu\u00e1ria nas cidades em que a Gol opera (Buenos Aires, C\u00f3rdoba, Mendoza e Ros\u00e1rio), impossibilitando a realiza\u00e7\u00e3o dos voos.<img decoding=\"async\" src=\"https:\/\/agenciabrasil.ebc.com.br\/ebc.png?id=1577179&amp;o=node\"><img decoding=\"async\" src=\"https:\/\/agenciabrasil.ebc.com.br\/ebc.gif?id=1577179&amp;o=node\"><\/p>\n\n\n\n<p>Maior grupo sindical da Argentina, a CGT anunciou no final de dezembro do ano passado greve geral contra as medidas econ\u00f4micas anunciadas pelo presidente Javier Milei. Agendada para 24 deste m\u00eas, a paralisa\u00e7\u00e3o ter\u00e1 um grande protesto em frente ao Congresso Nacional. A CGT se manifestar\u00e1 tamb\u00e9m contra a demiss\u00e3o de cerca de 7 mil servidores p\u00fablicos e, ainda, contra o processo de privatiza\u00e7\u00e3o de empresas estatais, anunciado por Milei.<\/p>\n\n\n\n<p>Em nota distribu\u00edda nessa sexta-feira (19) \u00e0 imprensa, a Gol informou que todos os seus clientes ter\u00e3o seus voos remarcados para outras datas e poder\u00e3o realizar a altera\u00e7\u00e3o sem custos, podendo, ainda, solicitar reembolso integral, de acordo com a vontade de cada passageiro.<\/p>\n\n\n\n<p>\u201cClientes com bilhetes marcados para esta data est\u00e3o recebendo comunica\u00e7\u00e3o via \u2018e-mail\u2019 e SMS, de acordo com os dados informados no ato da compra, j\u00e1 podendo realizar a autogest\u00e3o de seus bilhetes nos Canais Digitais da Gol\u201d, diz a nota. Para atender os clientes afetados, foram criadas pela Gol opera\u00e7\u00f5es extras para os dias 25 e 26 de janeiro.&nbsp;<\/p>\n\n\n\n<p>Tamb\u00e9m em virtude da greve nacional anunciada para o dia 24 de janeiro na Argentina, a Latam Airlines informou no &#8220;X&#8221;, antigo&nbsp;&#8220;Twitter&#8221;, que est\u00e1 oferecendo alternativas para que os passageiros com voos nessa data possam fazer altera\u00e7\u00f5es na sua viagem. Entre elas, o passageiro pode reprogramar a passagem, sem custo adicional, at\u00e9 15 dias ap\u00f3s a data original da viagem. Outra op\u00e7\u00e3o seria o reembolso, ou seja, a devolu\u00e7\u00e3o da passagem, sem custo adicional. De acordo com a Latam, o \u2018status\u2019 do voo pode ser conferido em seu endere\u00e7o eletr\u00f4nico<\/p>\n\n\n\n<p>Edi\u00e7\u00e3o: Vinicius Lisboa<\/p>\n","protected":false},"excerpt":{"rendered":"<p>Por Alana Gandra &#8211; Ag\u00eancia Brasil &#8211; Rio de Janeiro A empresa a\u00e9rea Gol cancelou<\/p>\n","protected":false},"author":2,"featured_media":76303,"comment_status":"open","ping_status":"open","sticky":false,"template":"","format":"standard","meta":{"footnotes":""},"categories":[17],"tags":[],"class_list":["post-76301","post","type-post","status-publish","format-standard","has-post-thumbnail","hentry","category-outras-noticias"],"_links":{"self":[{"href":"https:\/\/tvc16.com\/portal\/wp-json\/wp\/v2\/posts\/76301","targetHints":{"allow":["GET"]}}],"collection":[{"href":"https:\/\/tvc16.com\/portal\/wp-json\/wp\/v2\/posts"}],"about":[{"href":"https:\/\/tvc16.com\/portal\/wp-json\/wp\/v2\/types\/post"}],"author":[{"embeddable":true,"href":"https:\/\/tvc16.com\/portal\/wp-json\/wp\/v2\/users\/2"}],"replies":[{"embeddable":true,"href":"https:\/\/tvc16.com\/portal\/wp-json\/wp\/v2\/comments?post=76301"}],"version-history":[{"count":1,"href":"https:\/\/tvc16.com\/portal\/wp-json\/wp\/v2\/posts\/76301\/revisions"}],"predecessor-version":[{"id":76304,"href":"https:\/\/tvc16.com\/portal\/wp-json\/wp\/v2\/posts\/76301\/revisions\/76304"}],"wp:featuredmedia":[{"embeddable":true,"href":"https:\/\/tvc16.com\/portal\/wp-json\/wp\/v2\/media\/76303"}],"wp:attachment":[{"href":"https:\/\/tvc16.com\/portal\/wp-json\/wp\/v2\/media?parent=76301"}],"wp:term":[{"taxonomy":"category","embeddable":true,"href":"https:\/\/tvc16.com\/portal\/wp-json\/wp\/v2\/categories?post=76301"},{"taxonomy":"post_tag","embeddable":true,"href":"https:\/\/tvc16.com\/portal\/wp-json\/wp\/v2\/tags?post=76301"}],"curies":[{"name":"wp","href":"https:\/\/api.w.org\/{rel}","templated":true}]}}