{"id":76312,"date":"2024-01-21T12:33:51","date_gmt":"2024-01-21T15:33:51","guid":{"rendered":"https:\/\/tvc16.com\/portal\/?p=76312"},"modified":"2024-01-21T12:33:52","modified_gmt":"2024-01-21T15:33:52","slug":"defesa-civil-de-petropolis-contabiliza-03-registros-de-ocorrencias-em-funcao-das-chuvas-da-ultima-madrugada-21","status":"publish","type":"post","link":"https:\/\/tvc16.com\/portal\/2024\/01\/21\/defesa-civil-de-petropolis-contabiliza-03-registros-de-ocorrencias-em-funcao-das-chuvas-da-ultima-madrugada-21\/","title":{"rendered":"Defesa Civil de Petr\u00f3polis contabiliza 03 registros de ocorr\u00eancias em fun\u00e7\u00e3o das chuvas da \u00faltima madrugada (21)"},"content":{"rendered":"\n<p>Confira o boletim de registros de ocorr\u00eancias atualizado neste domingo (21)<\/p>\n\n\n\n<p>A Defesa Civil do munic\u00edpio contabilizou 03 registros de ocorr\u00eancias at\u00e9 \u00e0s 10h deste domingo (21) por conta das chuvas desta madrugada. Todas as ocorr\u00eancias registradas foram sem gravidade e n\u00e3o houve v\u00edtimas. A Comdep segue com equipes na rua atuando desde cedo em trabalho conjunto para o restabelecimento do servi\u00e7o essencial. Confira o balan\u00e7o atualizado dos registros de ocorr\u00eancias em fun\u00e7\u00e3o das chuvas em Petr\u00f3polis:<\/p>\n\n\n\n<ul class=\"wp-block-list\">\n<li>01&nbsp; registro de ocorr\u00eancia de deslizamento atingindo via &#8211; bairro: Independ\u00eancia<\/li>\n\n\n\n<li>01 registro de ocorr\u00eancia de deslizamento sem atingir o im\u00f3vel- bairro: Independ\u00eancia<\/li>\n\n\n\n<li>01 registro de ocorr\u00eancia de queda de \u00e1rvore- bairro: Itaipava<\/li>\n<\/ul>\n\n\n\n<p>Est\u00e1gio Operacional:<br>Aten\u00e7\u00e3o<\/p>\n\n\n\n<p>Situa\u00e7\u00e3o atual: c\u00e9u predominantemente nublado com registro de chuva fraca<\/p>\n\n\n\n<p>Previs\u00e3o para as pr\u00f3ximas horas: pancadas de chuva moderada<\/p>\n\n\n\n<p>Maiores acumulados em 24h:<\/p>\n\n\n\n<ul class=\"wp-block-list\">\n<li>Independ\u00eancia-Taquara: 93,0 mm (CEMADEN RJ)<\/li>\n\n\n\n<li>Independ\u00eancia2: 72,8 MM (CEMADEN BR)<\/li>\n\n\n\n<li>LNCC &#8211; Geo: 63,2 mm (CEMADEN BR)<\/li>\n\n\n\n<li>Cel Veiga: 61,6 mm (INEA)<\/li>\n\n\n\n<li>Itaipava: 55,4 mm (CEMADEN BR)<\/li>\n<\/ul>\n\n\n\n<p>Recomenda\u00e7\u00f5es:<br>A Defesa Civil refor\u00e7a que a popula\u00e7\u00e3o das \u00e1reas de risco se mantenha em alerta, e principalmente, que n\u00e3o permane\u00e7a em \u00e1reas interditadas. Evite \u00e1reas alagadas e fique atento aos sinais de deslizamentos. Em caso de emerg\u00eancia, ligue 199.<\/p>\n\n\n\n<p>A Defesa Civil segue monitorando e poder\u00e1 emitir alertas a qualquer momento.<\/p>\n","protected":false},"excerpt":{"rendered":"<p>Confira o boletim de registros de ocorr\u00eancias atualizado neste domingo (21) A Defesa Civil do<\/p>\n","protected":false},"author":2,"featured_media":76313,"comment_status":"open","ping_status":"open","sticky":false,"template":"","format":"standard","meta":{"footnotes":""},"categories":[12],"tags":[],"class_list":["post-76312","post","type-post","status-publish","format-standard","has-post-thumbnail","hentry","category-cidade"],"_links":{"self":[{"href":"https:\/\/tvc16.com\/portal\/wp-json\/wp\/v2\/posts\/76312","targetHints":{"allow":["GET"]}}],"collection":[{"href":"https:\/\/tvc16.com\/portal\/wp-json\/wp\/v2\/posts"}],"about":[{"href":"https:\/\/tvc16.com\/portal\/wp-json\/wp\/v2\/types\/post"}],"author":[{"embeddable":true,"href":"https:\/\/tvc16.com\/portal\/wp-json\/wp\/v2\/users\/2"}],"replies":[{"embeddable":true,"href":"https:\/\/tvc16.com\/portal\/wp-json\/wp\/v2\/comments?post=76312"}],"version-history":[{"count":1,"href":"https:\/\/tvc16.com\/portal\/wp-json\/wp\/v2\/posts\/76312\/revisions"}],"predecessor-version":[{"id":76314,"href":"https:\/\/tvc16.com\/portal\/wp-json\/wp\/v2\/posts\/76312\/revisions\/76314"}],"wp:featuredmedia":[{"embeddable":true,"href":"https:\/\/tvc16.com\/portal\/wp-json\/wp\/v2\/media\/76313"}],"wp:attachment":[{"href":"https:\/\/tvc16.com\/portal\/wp-json\/wp\/v2\/media?parent=76312"}],"wp:term":[{"taxonomy":"category","embeddable":true,"href":"https:\/\/tvc16.com\/portal\/wp-json\/wp\/v2\/categories?post=76312"},{"taxonomy":"post_tag","embeddable":true,"href":"https:\/\/tvc16.com\/portal\/wp-json\/wp\/v2\/tags?post=76312"}],"curies":[{"name":"wp","href":"https:\/\/api.w.org\/{rel}","templated":true}]}}