{"id":76321,"date":"2024-01-21T15:26:23","date_gmt":"2024-01-21T18:26:23","guid":{"rendered":"https:\/\/tvc16.com\/portal\/?p=76321"},"modified":"2024-01-21T15:26:24","modified_gmt":"2024-01-21T18:26:24","slug":"setranspetro-divulga-linhas-com-impedimentos-nas-operacoes","status":"publish","type":"post","link":"https:\/\/tvc16.com\/portal\/2024\/01\/21\/setranspetro-divulga-linhas-com-impedimentos-nas-operacoes\/","title":{"rendered":"Setranspetro divulga linhas com impedimentos nas opera\u00e7\u00f5es"},"content":{"rendered":"\n<p>Ao longo de todo o Domingo (21), o Setranspetro emitiu diversas notas com avisos de trechos com impedimentos causados pela forte chuva que atingiu Petr\u00f3polis na madrugada deste Domingo (21). Os \u201ccoruj\u00f5es\u201d ficaram retidos na garagem, em raz\u00e3o do transbordamento do rio, na Rua Coronel Veiga e ao longo do dia, quedas de \u00e1rvore, poste e obstru\u00e7\u00f5es vi\u00e1rias, seguem prejudicando o itiner\u00e1rio de diversas linhas.<\/p>\n\n\n\n<p>A Petro Ita informou que a linha 454 \u2013 Vila H\u00edpica ficou, desde \u00e0s 11h30, sem atender a Rua Paran\u00e1, por conta do servi\u00e7o de manuten\u00e7\u00e3o da rede el\u00e9trica na regi\u00e3o. O \u00f4nibus est\u00e1 cumprindo o mesmo itiner\u00e1rio que a linha 424 \u2013 Rio de Janeiro.<\/p>\n\n\n\n<figure class=\"wp-block-image size-full\"><img loading=\"lazy\" decoding=\"async\" width=\"551\" height=\"461\" src=\"https:\/\/tvc16.com\/portal\/wp-content\/uploads\/2024\/01\/vila-hipica.jpg\" alt=\"\" class=\"wp-image-76322\" srcset=\"https:\/\/tvc16.com\/portal\/wp-content\/uploads\/2024\/01\/vila-hipica.jpg 551w, https:\/\/tvc16.com\/portal\/wp-content\/uploads\/2024\/01\/vila-hipica-300x251.jpg 300w\" sizes=\"auto, (max-width: 551px) 100vw, 551px\" \/><figcaption class=\"wp-element-caption\">Foto: Vila H\u00edpica &#8211; redes sociais<\/figcaption><\/figure>\n\n\n\n<p>A Via\u00e7\u00e3o Cascatinha informou, por volta das 13h50, que a linha 528 \u2013 Alto Comunidade do Alem\u00e3o ficou, por aproximadamente uma hora, com o atendimento interrompido no bairro, por conta da queda de uma \u00e1rvore na pista. Neste per\u00edodo, o \u00f4nibus manobrou na localidade popularmente conhecida como \u201cSacol\u00e3o\u201d. Por volta das 14h, o \u00f4nibus teve o itiner\u00e1rio restabelecido.<\/p>\n\n\n\n<figure class=\"wp-block-image size-full\"><img loading=\"lazy\" decoding=\"async\" width=\"852\" height=\"684\" src=\"https:\/\/tvc16.com\/portal\/wp-content\/uploads\/2024\/01\/comunidade-do-alemao.jpg\" alt=\"\" class=\"wp-image-76323\" srcset=\"https:\/\/tvc16.com\/portal\/wp-content\/uploads\/2024\/01\/comunidade-do-alemao.jpg 852w, https:\/\/tvc16.com\/portal\/wp-content\/uploads\/2024\/01\/comunidade-do-alemao-300x241.jpg 300w, https:\/\/tvc16.com\/portal\/wp-content\/uploads\/2024\/01\/comunidade-do-alemao-768x617.jpg 768w\" sizes=\"auto, (max-width: 852px) 100vw, 852px\" \/><figcaption class=\"wp-element-caption\">Foto: Alto Comunidade do Alem\u00e3o &#8211; redes sociais<\/figcaption><\/figure>\n\n\n\n<p>Al\u00e9m disso, a linha 511 \u2013 Boa Vista n\u00e3o pode operar at\u00e9 o ponto final no bairro, devido \u00e0 queda de uma \u00e1rvore na regi\u00e3o. O coletivo ficou manobrando 100 metros antes, na Rua Henrique Jo\u00e3o da Cruz, um ponto antes da quadra de esportes do bairro. <\/p>\n\n\n\n<p>A Turp Transporte informou que a queda de uma barreira, na Estrada da Saudade, na localidade popularmente conhecida como \u201cCurva da Volta da Curuba\u201d, na altura do Boa Vista, impossibilitou a opera\u00e7\u00e3o da linha 500 \u2013 Terminal Corr\u00eaas por um trecho de aproximadamente um quil\u00f4metro. O coletivo segue operando pela Rua Paulo Rudge. <\/p>\n\n\n\n<figure class=\"wp-block-image size-full\"><img loading=\"lazy\" decoding=\"async\" width=\"855\" height=\"659\" src=\"https:\/\/tvc16.com\/portal\/wp-content\/uploads\/2024\/01\/curva-da-volta-da-Curuba.jpg\" alt=\"\" class=\"wp-image-76324\" srcset=\"https:\/\/tvc16.com\/portal\/wp-content\/uploads\/2024\/01\/curva-da-volta-da-Curuba.jpg 855w, https:\/\/tvc16.com\/portal\/wp-content\/uploads\/2024\/01\/curva-da-volta-da-Curuba-300x231.jpg 300w, https:\/\/tvc16.com\/portal\/wp-content\/uploads\/2024\/01\/curva-da-volta-da-Curuba-768x592.jpg 768w\" sizes=\"auto, (max-width: 855px) 100vw, 855px\" \/><figcaption class=\"wp-element-caption\">Curva da Volda da Curuba &#8211; redes sociais<\/figcaption><\/figure>\n\n\n\n<p>Outra linha da Turp, dessa vez a 603 &#8211; \u00c1guas Lindas, ficou interrompida por um trecho de 1,7 quil\u00f4metro, por conta da queda de uma \u00e1rvore. O coletivo est\u00e1 manobrando no ponto final do Sesc Nogueira.<\/p>\n\n\n\n<figure class=\"wp-block-image size-full\"><img loading=\"lazy\" decoding=\"async\" width=\"851\" height=\"754\" src=\"https:\/\/tvc16.com\/portal\/wp-content\/uploads\/2024\/01\/estrada-do-Palmital.jpg\" alt=\"\" class=\"wp-image-76325\" srcset=\"https:\/\/tvc16.com\/portal\/wp-content\/uploads\/2024\/01\/estrada-do-Palmital.jpg 851w, https:\/\/tvc16.com\/portal\/wp-content\/uploads\/2024\/01\/estrada-do-Palmital-300x266.jpg 300w, https:\/\/tvc16.com\/portal\/wp-content\/uploads\/2024\/01\/estrada-do-Palmital-768x680.jpg 768w\" sizes=\"auto, (max-width: 851px) 100vw, 851px\" \/><figcaption class=\"wp-element-caption\">\u00c1guas Lindas &#8211; redes sociais<\/figcaption><\/figure>\n\n\n\n<p>Outra linha interrompida foi a 723 \u2013 Santa M\u00f4nica, que est\u00e1 com atendimento interrompido em um trecho de 2,3 quil\u00f4metros da Rua Neuza Goulart Brizola, no Tab\u00f5es, em raz\u00e3o da queda de \u00e1rvore na pista. O \u00f4nibus est\u00e1 manobrando no ponto final da linha 703.<\/p>\n\n\n\n<figure class=\"wp-block-image size-full\"><img loading=\"lazy\" decoding=\"async\" width=\"841\" height=\"841\" src=\"https:\/\/tvc16.com\/portal\/wp-content\/uploads\/2024\/01\/taboes.jpg\" alt=\"\" class=\"wp-image-76326\" srcset=\"https:\/\/tvc16.com\/portal\/wp-content\/uploads\/2024\/01\/taboes.jpg 841w, https:\/\/tvc16.com\/portal\/wp-content\/uploads\/2024\/01\/taboes-300x300.jpg 300w, https:\/\/tvc16.com\/portal\/wp-content\/uploads\/2024\/01\/taboes-150x150.jpg 150w, https:\/\/tvc16.com\/portal\/wp-content\/uploads\/2024\/01\/taboes-768x768.jpg 768w\" sizes=\"auto, (max-width: 841px) 100vw, 841px\" \/><figcaption class=\"wp-element-caption\">Santa M\u00f4nica &#8211; redes sociais<\/figcaption><\/figure>\n\n\n\n<p>A Cidade das Hort\u00eansias permanece com a opera\u00e7\u00e3o da linha 302 \u2013 Floresta interrompida na Rua Doutor Jo\u00e3o Glass Veiga, ap\u00f3s a abertura de um buraco na via, que tamb\u00e9m est\u00e1 ocupada por um deslizamento de terra. O coletivo segue atendendo as Ruas Alberto Martins e Henrique Paix\u00e3o.<\/p>\n\n\n\n<p>Al\u00e9m dos problemas relacionados \u00e0 chuva, a Turp Transporte uniu esfor\u00e7os operacionais para atender a regi\u00e3o de Araras, ap\u00f3s a queda de um poste na Estrada Bernardo Coutinho. A linha 610 \u2013 Araras est\u00e1 operando em esquema de baldea\u00e7\u00e3o, desde o in\u00edcio da manh\u00e3, enquanto as linhas 602 e 605 \u2013 Vale das Videiras, al\u00e9m da 618 e 622 \u2013 Araras, que est\u00e3o com atendimento alternado.<\/p>\n\n\n\n<figure class=\"wp-block-image size-full\"><img loading=\"lazy\" decoding=\"async\" width=\"405\" height=\"252\" src=\"https:\/\/tvc16.com\/portal\/wp-content\/uploads\/2024\/01\/carro-bateu-em-poste-1.jpg\" alt=\"\" class=\"wp-image-76327\" srcset=\"https:\/\/tvc16.com\/portal\/wp-content\/uploads\/2024\/01\/carro-bateu-em-poste-1.jpg 405w, https:\/\/tvc16.com\/portal\/wp-content\/uploads\/2024\/01\/carro-bateu-em-poste-1-300x187.jpg 300w\" sizes=\"auto, (max-width: 405px) 100vw, 405px\" \/><figcaption class=\"wp-element-caption\">Estrada Bernardo Coutinho &#8211; redes sociais<\/figcaption><\/figure>\n\n\n\n<p>Ainda na \u00e1rea de atua\u00e7\u00e3o da Turp, a linha 716 \u2013 Vargem dos Marmelos est\u00e1 com a opera\u00e7\u00e3o do \u00f4nibus interrompida em um trecho de um quil\u00f4metro, na Rua Gabriel Cassador, em raz\u00e3o do estacionamento irregular de ve\u00edculos particulares no bairro.<\/p>\n\n\n\n<p>J\u00e1 a Petro Ita est\u00e1, desde \u00e0s 11h30, sem atender a Rua Paran\u00e1, no Quitandinha, por conta do servi\u00e7o de manuten\u00e7\u00e3o da rede el\u00e9trica na regi\u00e3o, interditando a pista. O \u00f4nibus est\u00e1 ao longo do dia cumprindo o mesmo itiner\u00e1rio que a linha 424 \u2013 Rio de Janeiro.<\/p>\n\n\n\n<p>Para saber a localiza\u00e7\u00e3o de qualquer linha de \u00f4nibus, em tempo real, e o momento que o coletivo vai passar no ponto que o passageiro est\u00e1, basta baixar gratuitamente o aplicativo Cittamobi. Para informativos sobre tr\u00e2nsito, estacionamento irregular, opera\u00e7\u00e3o do transporte p\u00fablico durante a chuva, al\u00e9m de vagas de emprego no setor, basta seguir as redes sociais do Setranspetro.<\/p>\n","protected":false},"excerpt":{"rendered":"<p>Ao longo de todo o Domingo (21), o Setranspetro emitiu diversas notas com avisos de<\/p>\n","protected":false},"author":2,"featured_media":76328,"comment_status":"open","ping_status":"open","sticky":false,"template":"","format":"standard","meta":{"footnotes":""},"categories":[12],"tags":[],"class_list":["post-76321","post","type-post","status-publish","format-standard","has-post-thumbnail","hentry","category-cidade"],"_links":{"self":[{"href":"https:\/\/tvc16.com\/portal\/wp-json\/wp\/v2\/posts\/76321","targetHints":{"allow":["GET"]}}],"collection":[{"href":"https:\/\/tvc16.com\/portal\/wp-json\/wp\/v2\/posts"}],"about":[{"href":"https:\/\/tvc16.com\/portal\/wp-json\/wp\/v2\/types\/post"}],"author":[{"embeddable":true,"href":"https:\/\/tvc16.com\/portal\/wp-json\/wp\/v2\/users\/2"}],"replies":[{"embeddable":true,"href":"https:\/\/tvc16.com\/portal\/wp-json\/wp\/v2\/comments?post=76321"}],"version-history":[{"count":1,"href":"https:\/\/tvc16.com\/portal\/wp-json\/wp\/v2\/posts\/76321\/revisions"}],"predecessor-version":[{"id":76329,"href":"https:\/\/tvc16.com\/portal\/wp-json\/wp\/v2\/posts\/76321\/revisions\/76329"}],"wp:featuredmedia":[{"embeddable":true,"href":"https:\/\/tvc16.com\/portal\/wp-json\/wp\/v2\/media\/76328"}],"wp:attachment":[{"href":"https:\/\/tvc16.com\/portal\/wp-json\/wp\/v2\/media?parent=76321"}],"wp:term":[{"taxonomy":"category","embeddable":true,"href":"https:\/\/tvc16.com\/portal\/wp-json\/wp\/v2\/categories?post=76321"},{"taxonomy":"post_tag","embeddable":true,"href":"https:\/\/tvc16.com\/portal\/wp-json\/wp\/v2\/tags?post=76321"}],"curies":[{"name":"wp","href":"https:\/\/api.w.org\/{rel}","templated":true}]}}