{"id":76330,"date":"2024-01-21T20:00:00","date_gmt":"2024-01-21T23:00:00","guid":{"rendered":"https:\/\/tvc16.com\/portal\/?p=76330"},"modified":"2024-01-21T15:51:09","modified_gmt":"2024-01-21T18:51:09","slug":"servico-de-aguas-e-esgotos-de-angra-dos-reis-instala-tubos-sobre-passarela-de-ponte","status":"publish","type":"post","link":"https:\/\/tvc16.com\/portal\/2024\/01\/21\/servico-de-aguas-e-esgotos-de-angra-dos-reis-instala-tubos-sobre-passarela-de-ponte\/","title":{"rendered":"Servi\u00e7o de \u00c1guas e Esgotos de Angra dos Reis instala tubos sobre passarela de ponte"},"content":{"rendered":"\n<p>A Associa\u00e7\u00e3o dos Condom\u00ednios da Costa do Verde (ACV) vai recorrer nesta semana, aos Minist\u00e9rios P\u00fablicos Estadual e Federal para evitar uma trag\u00e9dia anunciada com risco maior para os estudantes. <\/p>\n\n\n\n<p>Tubos instalados pelo Servi\u00e7o de \u00c1guas e Esgotos (SAE) de Angra dos Reis sobre a estreita passarela do Rio Bracu\u00ed est\u00e3o obrigando os pedestres e ciclistas a caminhar ou pedalar pela pista de alta velocidade da Rodovia Rio-Santos. No dia 5, come\u00e7am as aulas nas escolas da regi\u00e3o e centenas de crian\u00e7as ter\u00e3o que correr riscos no local, no Km 505 da rodovia recentemente concedida \u00e0 CCR.<\/p>\n\n\n\n<p>Os tubos foram colocados provisoriamente na passarela onde mal passam duas pessoas depois das chuvas que castigaram o Bracu\u00ed e arrastaram a antiga tubula\u00e7\u00e3o de \u00e1gua. Para n\u00e3o deixar a popula\u00e7\u00e3o sem abastecimento, a SAE instalou os tubos no local estreito, bloqueando a passagem de pedestres e ciclistas. A Prefeitura de Angra dos Reis na ocasi\u00e3o prometeu interceder junto ao DNIT (antes da concess\u00e3o \u00e0 CCR) para constru\u00e7\u00e3o de uma passarela com espa\u00e7o seguro ao lado da ponte, mas a obra n\u00e3o foi feita at\u00e9 hoje.<\/p>\n\n\n\n<p>&#8220;\u00c9 o que podemos chamar de trag\u00e9dia anunciada. Acidentes j\u00e1 aconteceram e outros certamente v\u00e3o acontecer se medidas urgentes n\u00e3o forem tomadas. Todos os \u00f3rg\u00e3os envolvidos j\u00e1 est\u00e3o cientes do problema atrav\u00e9s de alertas feitos por moradores e vereadores. S\u00f3 nos resta agora pedir um alerta do Minist\u00e9rio P\u00fablico para que recomendem \u00e0 Prefeitura e \u00e0 CCR que tomem medidas para proteger pedestres e ciclistas&#8221; \u2013 disse o presidente da ACV, Manoel Francisco de Oliveira.<\/p>\n\n\n\n<p>A Associa\u00e7\u00e3o dos Condom\u00ednios da Costa do Verde &#8211; ACV tamb\u00e9m vai enviar of\u00edcio \u00e0 Ag\u00eancia Nacional de Transportes Terrestres (ANTT), respons\u00e1vel pela fiscaliza\u00e7\u00e3o das rodovias concedidas, pedindo provid\u00eancias. Segundo o morador Roberto de Souza Silva, h\u00e1 anos a comunidade do Bracu\u00ed e vereadores pedem a constru\u00e7\u00e3o de uma passarela lateral por causa do alto risco de acidentes no local. Em junho de 2014, foi protocolado requerimento na C\u00e2mara Municipal solicitando \u00e0 Prefeitura de Angra a constru\u00e7\u00e3o de uma passarela para pedestres e ciclistas, com guarda-corpo de ambos os lados, em estrutura met\u00e1lica, acoplada \u00e0 ponte sobre o Rio Bracu\u00ed. O pedido at\u00e9 hoje n\u00e3o foi atendido, assim como os que foram feitos nos \u00faltimos dias por vereadores.<\/p>\n","protected":false},"excerpt":{"rendered":"<p>A Associa\u00e7\u00e3o dos Condom\u00ednios da Costa do Verde (ACV) vai recorrer nesta semana, aos Minist\u00e9rios<\/p>\n","protected":false},"author":2,"featured_media":76331,"comment_status":"open","ping_status":"open","sticky":false,"template":"","format":"standard","meta":{"footnotes":""},"categories":[17],"tags":[],"class_list":["post-76330","post","type-post","status-publish","format-standard","has-post-thumbnail","hentry","category-outras-noticias"],"_links":{"self":[{"href":"https:\/\/tvc16.com\/portal\/wp-json\/wp\/v2\/posts\/76330","targetHints":{"allow":["GET"]}}],"collection":[{"href":"https:\/\/tvc16.com\/portal\/wp-json\/wp\/v2\/posts"}],"about":[{"href":"https:\/\/tvc16.com\/portal\/wp-json\/wp\/v2\/types\/post"}],"author":[{"embeddable":true,"href":"https:\/\/tvc16.com\/portal\/wp-json\/wp\/v2\/users\/2"}],"replies":[{"embeddable":true,"href":"https:\/\/tvc16.com\/portal\/wp-json\/wp\/v2\/comments?post=76330"}],"version-history":[{"count":1,"href":"https:\/\/tvc16.com\/portal\/wp-json\/wp\/v2\/posts\/76330\/revisions"}],"predecessor-version":[{"id":76332,"href":"https:\/\/tvc16.com\/portal\/wp-json\/wp\/v2\/posts\/76330\/revisions\/76332"}],"wp:featuredmedia":[{"embeddable":true,"href":"https:\/\/tvc16.com\/portal\/wp-json\/wp\/v2\/media\/76331"}],"wp:attachment":[{"href":"https:\/\/tvc16.com\/portal\/wp-json\/wp\/v2\/media?parent=76330"}],"wp:term":[{"taxonomy":"category","embeddable":true,"href":"https:\/\/tvc16.com\/portal\/wp-json\/wp\/v2\/categories?post=76330"},{"taxonomy":"post_tag","embeddable":true,"href":"https:\/\/tvc16.com\/portal\/wp-json\/wp\/v2\/tags?post=76330"}],"curies":[{"name":"wp","href":"https:\/\/api.w.org\/{rel}","templated":true}]}}