{"id":76334,"date":"2024-01-21T16:42:14","date_gmt":"2024-01-21T19:42:14","guid":{"rendered":"https:\/\/tvc16.com\/portal\/?p=76334"},"modified":"2024-01-21T16:42:16","modified_gmt":"2024-01-21T19:42:16","slug":"serra-das-araras-com-afundamento-de-pista","status":"publish","type":"post","link":"https:\/\/tvc16.com\/portal\/2024\/01\/21\/serra-das-araras-com-afundamento-de-pista\/","title":{"rendered":"Serra das Araras com afundamento de Pista"},"content":{"rendered":"\n<p>A Concession\u00e1ria CCR, que administra a pista que liga o Rio de Janeiro a S\u00e3o Paulo informa que a Rodovia Presidente Dutra: Pista sentido S\u00e3o Paulo &#8211; Rio de Janeiro, tem tr\u00e1fego intenso na pista Expressa. <\/p>\n\n\n\n<p>Al\u00e9m disso o tr\u00e1fego no quil\u00f4metro 225 em Pira\u00ed, na Serra das Araras, est\u00e1 com sistema de Pare e Siga at\u00e9 o Km 233 devido a um desn\u00edvel na pista, que surgiu por conta das chuvas fortes na regi\u00e3o. <\/p>\n\n\n\n<p>As equipe seguem em atendimento no local. Sem previs\u00e3o para a libera\u00e7\u00e3o, o tr\u00e1fego fluir\u00e1 a cada 60 minutos a partir do km 250 at\u00e9 o km 247.<\/p>\n\n\n\n<p>Em nota a PRF orienta os motoristas<\/p>\n\n\n\n<figure class=\"wp-block-image size-full\"><img loading=\"lazy\" decoding=\"async\" width=\"756\" height=\"756\" src=\"https:\/\/tvc16.com\/portal\/wp-content\/uploads\/2024\/01\/nota-da-prf.jpeg\" alt=\"\" class=\"wp-image-76336\" srcset=\"https:\/\/tvc16.com\/portal\/wp-content\/uploads\/2024\/01\/nota-da-prf.jpeg 756w, https:\/\/tvc16.com\/portal\/wp-content\/uploads\/2024\/01\/nota-da-prf-300x300.jpeg 300w, https:\/\/tvc16.com\/portal\/wp-content\/uploads\/2024\/01\/nota-da-prf-150x150.jpeg 150w\" sizes=\"auto, (max-width: 756px) 100vw, 756px\" \/><\/figure>\n","protected":false},"excerpt":{"rendered":"<p>A Concession\u00e1ria CCR, que administra a pista que liga o Rio de Janeiro a S\u00e3o<\/p>\n","protected":false},"author":2,"featured_media":76335,"comment_status":"open","ping_status":"open","sticky":false,"template":"","format":"standard","meta":{"footnotes":""},"categories":[17],"tags":[],"class_list":["post-76334","post","type-post","status-publish","format-standard","has-post-thumbnail","hentry","category-outras-noticias"],"_links":{"self":[{"href":"https:\/\/tvc16.com\/portal\/wp-json\/wp\/v2\/posts\/76334","targetHints":{"allow":["GET"]}}],"collection":[{"href":"https:\/\/tvc16.com\/portal\/wp-json\/wp\/v2\/posts"}],"about":[{"href":"https:\/\/tvc16.com\/portal\/wp-json\/wp\/v2\/types\/post"}],"author":[{"embeddable":true,"href":"https:\/\/tvc16.com\/portal\/wp-json\/wp\/v2\/users\/2"}],"replies":[{"embeddable":true,"href":"https:\/\/tvc16.com\/portal\/wp-json\/wp\/v2\/comments?post=76334"}],"version-history":[{"count":1,"href":"https:\/\/tvc16.com\/portal\/wp-json\/wp\/v2\/posts\/76334\/revisions"}],"predecessor-version":[{"id":76337,"href":"https:\/\/tvc16.com\/portal\/wp-json\/wp\/v2\/posts\/76334\/revisions\/76337"}],"wp:featuredmedia":[{"embeddable":true,"href":"https:\/\/tvc16.com\/portal\/wp-json\/wp\/v2\/media\/76335"}],"wp:attachment":[{"href":"https:\/\/tvc16.com\/portal\/wp-json\/wp\/v2\/media?parent=76334"}],"wp:term":[{"taxonomy":"category","embeddable":true,"href":"https:\/\/tvc16.com\/portal\/wp-json\/wp\/v2\/categories?post=76334"},{"taxonomy":"post_tag","embeddable":true,"href":"https:\/\/tvc16.com\/portal\/wp-json\/wp\/v2\/tags?post=76334"}],"curies":[{"name":"wp","href":"https:\/\/api.w.org\/{rel}","templated":true}]}}