{"id":76338,"date":"2024-01-21T18:00:00","date_gmt":"2024-01-21T21:00:00","guid":{"rendered":"https:\/\/tvc16.com\/portal\/?p=76338"},"modified":"2024-01-21T17:11:12","modified_gmt":"2024-01-21T20:11:12","slug":"governador-acompanha-monitoramento-dos-efeitos-de-temporais-e-acoes-de-prevencao-nos-municipios-neste-domingo-21","status":"publish","type":"post","link":"https:\/\/tvc16.com\/portal\/2024\/01\/21\/governador-acompanha-monitoramento-dos-efeitos-de-temporais-e-acoes-de-prevencao-nos-municipios-neste-domingo-21\/","title":{"rendered":"Governador acompanha monitoramento e os efeitos dos temporais e a\u00e7\u00f5es de preven\u00e7\u00e3o nos munic\u00edpios neste domingo (21)"},"content":{"rendered":"\n<p>Cl\u00e1udio Castro ligou para prefeitos de \u00e1reas com perigos altos ou muito altos<\/p>\n\n\n\n<p>O governador Cl\u00e1udio Castro acompanhou o monitoramento das consequ\u00eancias dos temporais, neste domingo (21\/01), no Centro Integrado de Comando e Controle (CICC), com secret\u00e1rios e respons\u00e1veis por \u00f3rg\u00e3os estaduais envolvidos nos trabalhos de aux\u00edlio aos munic\u00edpios. Ele determinou a continuidade da mobiliza\u00e7\u00e3o total das equipes de socorro, ainda por conta da previs\u00e3o de mau tempo em todo o Estado do Rio de Janeiro no decorrer do dia. Castro, que est\u00e1 atento \u00e0s a\u00e7\u00f5es do Estado desde \u00e0s 3h30 da madrugada, ligou para prefeitos das cidades onde os riscos alto e muito alto de temporais ainda prevalece.<\/p>\n\n\n\n<p>&#8220;Os transtornos n\u00e3o foram como os que a gente viu no fim de semana passado. O que ainda preocupa \u00e9 a previs\u00e3o de mais chuvas fortes nas pr\u00f3ximas horas. Estou ligando para cada prefeito, falando sobre os riscos, para que as prefeituras, por meio de suas Defesas Civis, estejam completamente prontas para qualquer problema&#8221; \u2013 afirmou Castro.<\/p>\n\n\n\n<p>De acordo com o secret\u00e1rio de Estado de Defesa Civil e comandante-geral do Corpo de Bombeiros RJ, coronel Leandro Monteiro, a corpora\u00e7\u00e3o foi acionada para 40 ocorr\u00eancias relacionadas \u00e0s chuvas desde a madrugada deste domingo em todo o Estado. A maioria referente a salvamentos de pessoas, inunda\u00e7\u00f5es e alagamentos. At\u00e9 o momento, n\u00e3o h\u00e1 relatos de v\u00edtimas nas \u00faltimas 24 horas. Este ano, todas as Defesas Civis municipais foram treinadas para ativarem seus planos de conting\u00eancia em caso de necessidade.<\/p>\n\n\n\n<p>Ao longo da madrugada, 82 sirenes foram acionadas na Capital, 6 em Petr\u00f3polis, 9 em Queimados, 4 em S\u00e3o Jo\u00e3o de Meriti, 2 em Duque de Caxias e 1 em Mag\u00e9. O risco hidrol\u00f3gico permanece muito alto nos munic\u00edpios do Rio de Janeiro, Belford Roxo, Duque de Caxias, Mesquita, Nil\u00f3polis, Nova Igua\u00e7u e S\u00e3o Jo\u00e3o de Meriti. O risco hidrol\u00f3gico \u00e9 alto nos munic\u00edpios de Niter\u00f3i, Mag\u00e9, Serop\u00e9dica, Petr\u00f3polis, Queimados e Paracambi.<\/p>\n\n\n\n<p>O risco geol\u00f3gico, por sua vez, \u00e9 alto em Petr\u00f3polis, Queimados e Paracambi, Duque de Caxias, Rio de Janeiro, Belford Roxo e Cachoeiras de Macacu.<\/p>\n\n\n\n<p>&#8220;Voc\u00eas que moram nestas cidades, a gente faz um clamor: preste aten\u00e7\u00e3o nas orienta\u00e7\u00f5es das Defesas Civis, nas redes sociais do Governo do Estado e nas minhas redes pessoais. N\u00f3s comunicamos tudo que est\u00e1 acontecendo. \u00c9 fundamental que todos sigam as orienta\u00e7\u00f5es para que a gente garanta o bem mais precioso de todos, que \u00e9 a vida&#8221; \u2013 destacou o governador.<\/p>\n\n\n\n<p><strong>Previs\u00e3o<\/strong><\/p>\n\n\n\n<p>O panorama meteorol\u00f3gico \u00e9 de c\u00e9u nublado a encoberto, com pancadas de chuva moderada, em todas as regi\u00f5es, a partir do per\u00edodo da tarde. Os ventos estar\u00e3o moderados.<\/p>\n","protected":false},"excerpt":{"rendered":"<p>Cl\u00e1udio Castro ligou para prefeitos de \u00e1reas com perigos altos ou muito altos O governador<\/p>\n","protected":false},"author":2,"featured_media":76339,"comment_status":"open","ping_status":"open","sticky":false,"template":"","format":"standard","meta":{"footnotes":""},"categories":[17],"tags":[],"class_list":["post-76338","post","type-post","status-publish","format-standard","has-post-thumbnail","hentry","category-outras-noticias"],"_links":{"self":[{"href":"https:\/\/tvc16.com\/portal\/wp-json\/wp\/v2\/posts\/76338","targetHints":{"allow":["GET"]}}],"collection":[{"href":"https:\/\/tvc16.com\/portal\/wp-json\/wp\/v2\/posts"}],"about":[{"href":"https:\/\/tvc16.com\/portal\/wp-json\/wp\/v2\/types\/post"}],"author":[{"embeddable":true,"href":"https:\/\/tvc16.com\/portal\/wp-json\/wp\/v2\/users\/2"}],"replies":[{"embeddable":true,"href":"https:\/\/tvc16.com\/portal\/wp-json\/wp\/v2\/comments?post=76338"}],"version-history":[{"count":2,"href":"https:\/\/tvc16.com\/portal\/wp-json\/wp\/v2\/posts\/76338\/revisions"}],"predecessor-version":[{"id":76341,"href":"https:\/\/tvc16.com\/portal\/wp-json\/wp\/v2\/posts\/76338\/revisions\/76341"}],"wp:featuredmedia":[{"embeddable":true,"href":"https:\/\/tvc16.com\/portal\/wp-json\/wp\/v2\/media\/76339"}],"wp:attachment":[{"href":"https:\/\/tvc16.com\/portal\/wp-json\/wp\/v2\/media?parent=76338"}],"wp:term":[{"taxonomy":"category","embeddable":true,"href":"https:\/\/tvc16.com\/portal\/wp-json\/wp\/v2\/categories?post=76338"},{"taxonomy":"post_tag","embeddable":true,"href":"https:\/\/tvc16.com\/portal\/wp-json\/wp\/v2\/tags?post=76338"}],"curies":[{"name":"wp","href":"https:\/\/api.w.org\/{rel}","templated":true}]}}