{"id":76353,"date":"2024-01-21T22:00:00","date_gmt":"2024-01-22T01:00:00","guid":{"rendered":"https:\/\/tvc16.com\/portal\/?p=76353"},"modified":"2024-01-21T20:06:30","modified_gmt":"2024-01-21T23:06:30","slug":"rede-social-x-do-govrj-passa-a-publicar-alertas-do-tempo-enviados-pelo-cemaden-rj","status":"publish","type":"post","link":"https:\/\/tvc16.com\/portal\/2024\/01\/21\/rede-social-x-do-govrj-passa-a-publicar-alertas-do-tempo-enviados-pelo-cemaden-rj\/","title":{"rendered":"Rede social X do GovRJ passa a publicar alertas do tempo enviados pelo Cemaden-RJ"},"content":{"rendered":"\n<p><em>Plataforma vai atualizar as informa\u00e7\u00f5es a cada duas horas<\/em><\/p>\n\n\n\n<p>A rede social X do Governo do Estado passa, a partir deste domingo (21\/01), a emitir o boletim meteorol\u00f3gico de todas as regi\u00f5es do Estado do Rio de Janeiro. A previs\u00e3o do tempo ser\u00e1 atualizada a cada duas horas de acordo com os dados enviados pelo Centro de Monitoramento e Alerta de Desastres Naturais (Cemaden-RJ), \u00f3rg\u00e3o vinculado \u00e0 Secretaria de Estado de Defesa Civil. A medida tem como objetivo antecipar poss\u00edveis danos causados pelo mau tempo, acelerar o tempo de resposta das a\u00e7\u00f5es, al\u00e9m de alimentar os usu\u00e1rios e a imprensa com informa\u00e7\u00f5es em tempo real.<\/p>\n\n\n\n<p>&#8220;O acesso a esses dados \u00e9 de suma import\u00e2ncia para minimizarmos alguns impactos ocorridos pelas chuvas e trazer mais seguran\u00e7a \u00e0 popula\u00e7\u00e3o, como tamb\u00e9m \u00e0s prefeituras e os ve\u00edculos de comunica\u00e7\u00e3o&#8221; &#8211; declara o governador Cl\u00e1udio Castro.<\/p>\n\n\n\n<p>O Cemaden-RJ vai emitir o balan\u00e7o da previs\u00e3o do tempo dividindo o estado por regi\u00f5es e tamb\u00e9m por bacias hidrogr\u00e1ficas. Os munic\u00edpios com o maior risco de temporal ter\u00e3o destaque nas atualiza\u00e7\u00f5es, contendo mais detalhes para que a preven\u00e7\u00e3o seja feita de forma eficaz.<\/p>\n\n\n\n<p>&#8220;O papel do Cemaden-RJ \u00e9 atuar na precau\u00e7\u00e3o e na previs\u00e3o de poss\u00edveis desastres naturais. Nossa equipe conta com 25 pessoas incluindo ge\u00f3logos, meteorologistas, hidr\u00f3logos, al\u00e9m de bombeiros militares, que atuam 24h por dia. Tamb\u00e9m atuamos em parceria com as prefeituras e demais \u00f3rg\u00e3os envolvidos&#8221; &#8211; explica o diretor do Cemaden-RJ, o coronel bombeiro militar Jos\u00e9 Carlos Fernandes Torres.<\/p>\n\n\n\n<p><em>N\u00facleo de Imprensa do Governo do Estado do Rio de Janeiro<\/em><\/p>\n","protected":false},"excerpt":{"rendered":"<p>Plataforma vai atualizar as informa\u00e7\u00f5es a cada duas horas A rede social X do Governo<\/p>\n","protected":false},"author":2,"featured_media":76354,"comment_status":"open","ping_status":"open","sticky":false,"template":"","format":"standard","meta":{"footnotes":""},"categories":[17],"tags":[],"class_list":["post-76353","post","type-post","status-publish","format-standard","has-post-thumbnail","hentry","category-outras-noticias"],"_links":{"self":[{"href":"https:\/\/tvc16.com\/portal\/wp-json\/wp\/v2\/posts\/76353","targetHints":{"allow":["GET"]}}],"collection":[{"href":"https:\/\/tvc16.com\/portal\/wp-json\/wp\/v2\/posts"}],"about":[{"href":"https:\/\/tvc16.com\/portal\/wp-json\/wp\/v2\/types\/post"}],"author":[{"embeddable":true,"href":"https:\/\/tvc16.com\/portal\/wp-json\/wp\/v2\/users\/2"}],"replies":[{"embeddable":true,"href":"https:\/\/tvc16.com\/portal\/wp-json\/wp\/v2\/comments?post=76353"}],"version-history":[{"count":1,"href":"https:\/\/tvc16.com\/portal\/wp-json\/wp\/v2\/posts\/76353\/revisions"}],"predecessor-version":[{"id":76355,"href":"https:\/\/tvc16.com\/portal\/wp-json\/wp\/v2\/posts\/76353\/revisions\/76355"}],"wp:featuredmedia":[{"embeddable":true,"href":"https:\/\/tvc16.com\/portal\/wp-json\/wp\/v2\/media\/76354"}],"wp:attachment":[{"href":"https:\/\/tvc16.com\/portal\/wp-json\/wp\/v2\/media?parent=76353"}],"wp:term":[{"taxonomy":"category","embeddable":true,"href":"https:\/\/tvc16.com\/portal\/wp-json\/wp\/v2\/categories?post=76353"},{"taxonomy":"post_tag","embeddable":true,"href":"https:\/\/tvc16.com\/portal\/wp-json\/wp\/v2\/tags?post=76353"}],"curies":[{"name":"wp","href":"https:\/\/api.w.org\/{rel}","templated":true}]}}