{"id":76356,"date":"2024-01-23T07:00:00","date_gmt":"2024-01-23T10:00:00","guid":{"rendered":"https:\/\/tvc16.com\/portal\/?p=76356"},"modified":"2024-01-21T20:23:41","modified_gmt":"2024-01-21T23:23:41","slug":"predio-do-centro-de-cultura-se-encontra-em-mal-estado","status":"publish","type":"post","link":"https:\/\/tvc16.com\/portal\/2024\/01\/23\/predio-do-centro-de-cultura-se-encontra-em-mal-estado\/","title":{"rendered":"Pr\u00e9dio do Centro de Cultura se encontra em mal estado"},"content":{"rendered":"\n<p><em>H\u00e1 buracos no teto e infiltra\u00e7\u00f5es em diversas instala\u00e7\u00f5es do pr\u00e9dio<\/em><\/p>\n\n\n\n<p><em>* Leandra Lima<\/em><\/p>\n\n\n\n<p>Mesmo ap\u00f3s passar por um processo de revitaliza\u00e7\u00e3o no ano de 2023, o pr\u00e9dio do Centro de Cultura Raul de Leoni se encontra com diversos problemas na manuten\u00e7\u00e3o do espa\u00e7o. H\u00e1 buracos e rachaduras no teto causadas por infiltra\u00e7\u00f5es que se espalham por diferentes \u00e1reas, goteiras no banheiro da biblioteca e cobertura de buracos improvisados por chapas dentro da sala onde os livros dispon\u00edveis ao p\u00fablico ficam instalados.<\/p>\n\n\n\n<figure class=\"wp-block-image size-large\"><img loading=\"lazy\" decoding=\"async\" width=\"1024\" height=\"461\" src=\"https:\/\/tvc16.com\/portal\/wp-content\/uploads\/2024\/01\/biblioteca-1024x461.jpeg\" alt=\"\" class=\"wp-image-76358\" srcset=\"https:\/\/tvc16.com\/portal\/wp-content\/uploads\/2024\/01\/biblioteca-1024x461.jpeg 1024w, https:\/\/tvc16.com\/portal\/wp-content\/uploads\/2024\/01\/biblioteca-300x135.jpeg 300w, https:\/\/tvc16.com\/portal\/wp-content\/uploads\/2024\/01\/biblioteca-768x346.jpeg 768w, https:\/\/tvc16.com\/portal\/wp-content\/uploads\/2024\/01\/biblioteca-1536x691.jpeg 1536w, https:\/\/tvc16.com\/portal\/wp-content\/uploads\/2024\/01\/biblioteca-2048x922.jpeg 2048w\" sizes=\"auto, (max-width: 1024px) 100vw, 1024px\" \/><\/figure>\n\n\n\n<p>Al\u00e9m disso o equipamento cultural \u00e9 alvo de cr\u00edticas por n\u00e3o garantir aos usu\u00e1rios boa infraestrutura, uma das den\u00fancias \u00e9 relacionado ao bebedouro do local que atualmente s\u00f3 funciona apenas 1, e esse n\u00e3o \u00e9 suficiente para atender a demanda. \u201cFomos com os alunos da escola em uma exposi\u00e7\u00e3o que estava tendo no espa\u00e7o em novembro do ano passado, cerca de 4 turmas, na hora de beber \u00e1gua foi uma confus\u00e3o s\u00f3 havia um bebedouro.\u201d, relatou uma professora que desejou n\u00e3o ser identificada.<\/p>\n\n\n\n<p>Representantes da cultura do munic\u00edpio falam que o pr\u00e9dio sempre est\u00e1 com problemas e parece nunca se estabilizar, \u201cN\u00e3o entendo essas reformas no local, nunca fica bom, isso \u00e9 frustrante.\u201d, disse um artista, que decidiu n\u00e3o se identificar. Ao redor do centro de cultura tamb\u00e9m precisa de uma aten\u00e7\u00e3o, as cal\u00e7adas se apresentam com buracos e rachaduras, o que atrapalha a movimenta\u00e7\u00e3o das pessoas e demonstra falta de acessibilidade p\u00fablica.<\/p>\n\n\n\n<figure class=\"wp-block-image size-large\"><img loading=\"lazy\" decoding=\"async\" width=\"1024\" height=\"461\" src=\"https:\/\/tvc16.com\/portal\/wp-content\/uploads\/2024\/01\/biblioteca-2-1024x461.jpeg\" alt=\"\" class=\"wp-image-76359\" srcset=\"https:\/\/tvc16.com\/portal\/wp-content\/uploads\/2024\/01\/biblioteca-2-1024x461.jpeg 1024w, https:\/\/tvc16.com\/portal\/wp-content\/uploads\/2024\/01\/biblioteca-2-300x135.jpeg 300w, https:\/\/tvc16.com\/portal\/wp-content\/uploads\/2024\/01\/biblioteca-2-768x346.jpeg 768w, https:\/\/tvc16.com\/portal\/wp-content\/uploads\/2024\/01\/biblioteca-2-1536x691.jpeg 1536w, https:\/\/tvc16.com\/portal\/wp-content\/uploads\/2024\/01\/biblioteca-2-2048x922.jpeg 2048w\" sizes=\"auto, (max-width: 1024px) 100vw, 1024px\" \/><\/figure>\n\n\n\n<p>Em janeiro de 2023 a Prefeitura Municipal de Petr\u00f3polis informou que a parte interna do Centro de Cultura iria passar por uma grande reforma e que o 1\u00ba andar, afetado pelas chuvas de fevereiro e mar\u00e7o de 2022 seria todo reformado. Consequentemente, o 2\u00ba e 3\u00ba pavimentos tamb\u00e9m receberiam interven\u00e7\u00f5es, que garantiriam acessibilidade para os frequentadores. A Biblioteca Gabriela Mistral e o Teatro Afonso Arinos tamb\u00e9m estavam para receber melhorias.<\/p>\n\n\n\n<p>A Prefeitura n\u00e3o respondeu aos questionamentos feitos pelo Correio sobre o estado atual do pr\u00e9dio e a previs\u00e3o para poss\u00edveis reparos.<\/p>\n\n\n\n<p>* Estagi\u00e1ria<\/p>\n","protected":false},"excerpt":{"rendered":"<p>H\u00e1 buracos no teto e infiltra\u00e7\u00f5es em diversas instala\u00e7\u00f5es do pr\u00e9dio * Leandra Lima Mesmo<\/p>\n","protected":false},"author":2,"featured_media":76357,"comment_status":"open","ping_status":"open","sticky":false,"template":"","format":"standard","meta":{"footnotes":""},"categories":[12],"tags":[],"class_list":["post-76356","post","type-post","status-publish","format-standard","has-post-thumbnail","hentry","category-cidade"],"_links":{"self":[{"href":"https:\/\/tvc16.com\/portal\/wp-json\/wp\/v2\/posts\/76356","targetHints":{"allow":["GET"]}}],"collection":[{"href":"https:\/\/tvc16.com\/portal\/wp-json\/wp\/v2\/posts"}],"about":[{"href":"https:\/\/tvc16.com\/portal\/wp-json\/wp\/v2\/types\/post"}],"author":[{"embeddable":true,"href":"https:\/\/tvc16.com\/portal\/wp-json\/wp\/v2\/users\/2"}],"replies":[{"embeddable":true,"href":"https:\/\/tvc16.com\/portal\/wp-json\/wp\/v2\/comments?post=76356"}],"version-history":[{"count":1,"href":"https:\/\/tvc16.com\/portal\/wp-json\/wp\/v2\/posts\/76356\/revisions"}],"predecessor-version":[{"id":76360,"href":"https:\/\/tvc16.com\/portal\/wp-json\/wp\/v2\/posts\/76356\/revisions\/76360"}],"wp:featuredmedia":[{"embeddable":true,"href":"https:\/\/tvc16.com\/portal\/wp-json\/wp\/v2\/media\/76357"}],"wp:attachment":[{"href":"https:\/\/tvc16.com\/portal\/wp-json\/wp\/v2\/media?parent=76356"}],"wp:term":[{"taxonomy":"category","embeddable":true,"href":"https:\/\/tvc16.com\/portal\/wp-json\/wp\/v2\/categories?post=76356"},{"taxonomy":"post_tag","embeddable":true,"href":"https:\/\/tvc16.com\/portal\/wp-json\/wp\/v2\/tags?post=76356"}],"curies":[{"name":"wp","href":"https:\/\/api.w.org\/{rel}","templated":true}]}}