{"id":76367,"date":"2024-01-21T21:36:59","date_gmt":"2024-01-22T00:36:59","guid":{"rendered":"https:\/\/tvc16.com\/portal\/?p=76367"},"modified":"2024-01-21T21:37:00","modified_gmt":"2024-01-22T00:37:00","slug":"subida-da-serra-das-araras-foi-liberada","status":"publish","type":"post","link":"https:\/\/tvc16.com\/portal\/2024\/01\/21\/subida-da-serra-das-araras-foi-liberada\/","title":{"rendered":"Subida da Serra das Araras foi liberada"},"content":{"rendered":"\n<p>NOTA \u00c0 IMPRENSA &#8211; T\u00c9RMINO DA OPERA\u00c7\u00c3O PARE E SIGA.<\/p>\n\n\n\n<p>A CCR RioSP informa que o tr\u00e1fego na pista de subida da Serra das Araras foi liberado.\u00a0Nesse momento,\u00a0a faixa da direita est\u00e1 liberada. Equipe de opera\u00e7\u00e3o da concession\u00e1ria monitora a regi\u00e3o. Em caso de chuva forte o trecho poder\u00e1 ser novamente interditado para seguran\u00e7a dos motoristas.<\/p>\n\n\n\n<p>Com a libera\u00e7\u00e3o da pista de subida,&nbsp; a opera\u00e7\u00e3o PARE E SIGA foi desmobilizada e a pista de descida da Serra das Araras volta a operar normalmente.<\/p>\n\n\n\n<p>Durante todo o dia, as equipes de engenharia e conserva\u00e7\u00e3o da concession\u00e1ria trabalharam para recompor o pavimento danificado,. Nos pr\u00f3ximos dias, a concession\u00e1ria deve concluir o projeto de recupera\u00e7\u00e3o do local<\/p>\n","protected":false},"excerpt":{"rendered":"<p>NOTA \u00c0 IMPRENSA &#8211; T\u00c9RMINO DA OPERA\u00c7\u00c3O PARE E SIGA. A CCR RioSP informa que<\/p>\n","protected":false},"author":2,"featured_media":76368,"comment_status":"open","ping_status":"open","sticky":false,"template":"","format":"standard","meta":{"footnotes":""},"categories":[17],"tags":[],"class_list":["post-76367","post","type-post","status-publish","format-standard","has-post-thumbnail","hentry","category-outras-noticias"],"_links":{"self":[{"href":"https:\/\/tvc16.com\/portal\/wp-json\/wp\/v2\/posts\/76367","targetHints":{"allow":["GET"]}}],"collection":[{"href":"https:\/\/tvc16.com\/portal\/wp-json\/wp\/v2\/posts"}],"about":[{"href":"https:\/\/tvc16.com\/portal\/wp-json\/wp\/v2\/types\/post"}],"author":[{"embeddable":true,"href":"https:\/\/tvc16.com\/portal\/wp-json\/wp\/v2\/users\/2"}],"replies":[{"embeddable":true,"href":"https:\/\/tvc16.com\/portal\/wp-json\/wp\/v2\/comments?post=76367"}],"version-history":[{"count":1,"href":"https:\/\/tvc16.com\/portal\/wp-json\/wp\/v2\/posts\/76367\/revisions"}],"predecessor-version":[{"id":76369,"href":"https:\/\/tvc16.com\/portal\/wp-json\/wp\/v2\/posts\/76367\/revisions\/76369"}],"wp:featuredmedia":[{"embeddable":true,"href":"https:\/\/tvc16.com\/portal\/wp-json\/wp\/v2\/media\/76368"}],"wp:attachment":[{"href":"https:\/\/tvc16.com\/portal\/wp-json\/wp\/v2\/media?parent=76367"}],"wp:term":[{"taxonomy":"category","embeddable":true,"href":"https:\/\/tvc16.com\/portal\/wp-json\/wp\/v2\/categories?post=76367"},{"taxonomy":"post_tag","embeddable":true,"href":"https:\/\/tvc16.com\/portal\/wp-json\/wp\/v2\/tags?post=76367"}],"curies":[{"name":"wp","href":"https:\/\/api.w.org\/{rel}","templated":true}]}}