{"id":76370,"date":"2024-01-22T10:25:29","date_gmt":"2024-01-22T13:25:29","guid":{"rendered":"https:\/\/tvc16.com\/portal\/?p=76370"},"modified":"2024-01-22T10:25:31","modified_gmt":"2024-01-22T13:25:31","slug":"governador-claudio-castro-homologa-situacao-de-emergencia-nos-municipios-de-belford-roxo-cardoso-moreira-e-itaperuna","status":"publish","type":"post","link":"https:\/\/tvc16.com\/portal\/2024\/01\/22\/governador-claudio-castro-homologa-situacao-de-emergencia-nos-municipios-de-belford-roxo-cardoso-moreira-e-itaperuna\/","title":{"rendered":"Governador Cl\u00e1udio Castro homologa situa\u00e7\u00e3o de emerg\u00eancia nos munic\u00edpios de Belford Roxo, Cardoso Moreira e Itaperuna"},"content":{"rendered":"\n<p>Outras tr\u00eas cidades ser\u00e3o contempladas em edi\u00e7\u00e3o extra do Di\u00e1rio Oficial desta segunda-feira (22.01)<\/p>\n\n\n\n<p>O governador Cl\u00e1udio Castro homologou, nesta segunda-feira (22\/01), a situa\u00e7\u00e3o de emerg\u00eancia declarada por Cardoso Moreira, Itaperuna e Belford Roxo. Al\u00e9m destes locais, outras tr\u00eas cidades tamb\u00e9m promulgaram a urg\u00eancia de ajuda. Queimados, Japeri e Miguel Pereira ter\u00e3o o estado de emerg\u00eancia homologado em edi\u00e7\u00e3o extra do Di\u00e1rio Oficial de hoje.<\/p>\n\n\n\n<p>&#8220;Estamos atuando em todos os munic\u00edpios afetados pelas chuvas. Nossas secretarias seguem trabalhando no apoio e assist\u00eancia a todas as \u00e1reas atingidas. Desde 12\/01, quando os temporais come\u00e7aram, j\u00e1 disponibilizamos mais de 100 maquin\u00e1rios e distribu\u00edmos mais de 29 mil refei\u00e7\u00f5es, al\u00e9m de 20 mil insumos \u00e0 popula\u00e7\u00e3o atingida&#8221; &#8211; declara Cl\u00e1udio Castro.<\/p>\n\n\n\n<p>O decreto entra em vigor na data da publica\u00e7\u00e3o, tendo prazo vigente por 180 dias, a contar de ato de reconhecimento pelo Governo Federal da situa\u00e7\u00e3o de emerg\u00eancia decretada pelo munic\u00edpio.<\/p>\n","protected":false},"excerpt":{"rendered":"<p>Outras tr\u00eas cidades ser\u00e3o contempladas em edi\u00e7\u00e3o extra do Di\u00e1rio Oficial desta segunda-feira (22.01) O<\/p>\n","protected":false},"author":2,"featured_media":76371,"comment_status":"open","ping_status":"open","sticky":false,"template":"","format":"standard","meta":{"footnotes":""},"categories":[17],"tags":[],"class_list":["post-76370","post","type-post","status-publish","format-standard","has-post-thumbnail","hentry","category-outras-noticias"],"_links":{"self":[{"href":"https:\/\/tvc16.com\/portal\/wp-json\/wp\/v2\/posts\/76370","targetHints":{"allow":["GET"]}}],"collection":[{"href":"https:\/\/tvc16.com\/portal\/wp-json\/wp\/v2\/posts"}],"about":[{"href":"https:\/\/tvc16.com\/portal\/wp-json\/wp\/v2\/types\/post"}],"author":[{"embeddable":true,"href":"https:\/\/tvc16.com\/portal\/wp-json\/wp\/v2\/users\/2"}],"replies":[{"embeddable":true,"href":"https:\/\/tvc16.com\/portal\/wp-json\/wp\/v2\/comments?post=76370"}],"version-history":[{"count":1,"href":"https:\/\/tvc16.com\/portal\/wp-json\/wp\/v2\/posts\/76370\/revisions"}],"predecessor-version":[{"id":76372,"href":"https:\/\/tvc16.com\/portal\/wp-json\/wp\/v2\/posts\/76370\/revisions\/76372"}],"wp:featuredmedia":[{"embeddable":true,"href":"https:\/\/tvc16.com\/portal\/wp-json\/wp\/v2\/media\/76371"}],"wp:attachment":[{"href":"https:\/\/tvc16.com\/portal\/wp-json\/wp\/v2\/media?parent=76370"}],"wp:term":[{"taxonomy":"category","embeddable":true,"href":"https:\/\/tvc16.com\/portal\/wp-json\/wp\/v2\/categories?post=76370"},{"taxonomy":"post_tag","embeddable":true,"href":"https:\/\/tvc16.com\/portal\/wp-json\/wp\/v2\/tags?post=76370"}],"curies":[{"name":"wp","href":"https:\/\/api.w.org\/{rel}","templated":true}]}}