{"id":76415,"date":"2024-01-23T07:38:48","date_gmt":"2024-01-23T10:38:48","guid":{"rendered":"https:\/\/tvc16.com\/portal\/?p=76415"},"modified":"2024-01-23T07:38:49","modified_gmt":"2024-01-23T10:38:49","slug":"festivval-sesc-verao-2024-movimenta-28-municipios-do-estado","status":"publish","type":"post","link":"https:\/\/tvc16.com\/portal\/2024\/01\/23\/festivval-sesc-verao-2024-movimenta-28-municipios-do-estado\/","title":{"rendered":"Festivval SESC Ver\u00e3o 2024 movimenta 28 munic\u00edpios do Estado"},"content":{"rendered":"\n<p><em>O evento est\u00e1 em sua 6\u00aa edi\u00e7\u00e3o, atividades recreativas e art\u00edsticas est\u00e3o na lista do festival<\/em><\/p>\n\n\n\n<p><em>*Leandra Lima<\/em><\/p>\n\n\n\n<p>O Festival Sesc ver\u00e3o RJ 2024 j\u00e1 come\u00e7ou e est\u00e1 movimentando 28 munic\u00edpios do Estado do Rio de Janeiro. O evento est\u00e1 na 6\u00aa edi\u00e7\u00e3o sendo realizado pelo Sesc RJ, em parceria com as prefeituras municipais e sindicatos regionais do com\u00e9rcio. As atividades s\u00e3o realizadas nas unidades Sesc e nas arenas montadas em praias, shopping centers, pra\u00e7as e parques de cada cidade. Dentro das localidades contempladas est\u00e3o 3 da regi\u00e3o serrana: Teres\u00f3polis, Petr\u00f3polis e Tr\u00eas Rios.<\/p>\n\n\n\n<p>A programa\u00e7\u00e3o do festival come\u00e7ou logo no in\u00edcio de janeiro e segue at\u00e9 04 de fevereiro \u00e9 gratuita e acess\u00edvel a todos os p\u00fablicos, nela est\u00e3o inclusas experi\u00eancias de lazer, culturais e modalidades esportivas. O Presidente do Sistema Fecom\u00e9rcio RJ, Ant\u00f4nio Flor\u00eancio de Queiroz Junior, fala que o Sesc Ver\u00e3o RJ \u00e9 um dos eventos mais inclusivos do pa\u00eds. \u201cO projeto fomenta o setor de turismo, estimula a economia local, gera qualidade de vida atrav\u00e9s das cl\u00ednicas esportivas e j\u00e1 faz parte do calend\u00e1rio fixo de eventos do nosso estado.\u201d, disse.<\/p>\n\n\n\n<p>Em cada edi\u00e7\u00e3o, o festival traz em sua identidade visual e na programa\u00e7\u00e3o art\u00edstica um tema para reflex\u00e3o, sendo ele \u201c\u201cSesc Ver\u00e3o \u00e9 para todos!\u201d, que estar relacionado \u00e0 palavra a acessibilidade com o intuito de proporcionar lazer, bem-estar e qualidade de vida a todos cidad\u00e3os.<\/p>\n\n\n\n<p>Na cidade de Teres\u00f3polis as a\u00e7\u00f5es do Ver\u00e3o 2024 ocorrem em espa\u00e7os p\u00fablicos da cidade, e alguns dentro da pr\u00f3pria Unidade do Sesc:<\/p>\n\n\n\n<p><strong>Sesc Ver\u00e3o no Parnaso<\/strong><\/p>\n\n\n\n<p>Vai acontecer nos dias 27, 28 de janeiro e 03, 04 de fevereiro das 11h \u00e0s 17h, na Piscina da Unidade Sesc Teres\u00f3polis, atividades recreativas, gincanas e recrea\u00e7\u00e3o aqu\u00e1tica. A entrada \u00e9 franca.<\/p>\n\n\n\n<p><strong>Pra\u00e7a Ol\u00edmpica<\/strong><\/p>\n\n\n\n<p>Nos dias 27 e 28 na Pra\u00e7a Ol\u00edmpica da cidade, a partir das 20h, o p\u00fablico poder\u00e1 desfrutar diversos shows como do cantor Frejat e do grupo Black Circle fazendo um Tributo a Pearl Jam. O evento \u00e9 gratuito.<\/p>\n\n\n\n<p><strong>Serra dos \u00d3rg\u00e3os<\/strong><\/p>\n\n\n\n<p>Entre os dias 28 de janeiro e 04 de fevereiro ter\u00e1 Show gratuito com Jonatan Francisco e banda no Parque Nacional da Serra dos \u00d3rg\u00e3os. A banda vai apresentar grandes cl\u00e1ssicos do samba com arranjos de obras de Martinho da Vila, Dorival Caymmi, Jo\u00e3o Bosco, Paulinho da Viola entre outros.<\/p>\n\n\n\n<p>A lista completa da programa\u00e7\u00e3o de Teres\u00f3polis e das seguintes cidades: Casimiro de Abreu, Rio das Ostras, Concei\u00e7\u00e3o de Macabu, Maca\u00e9, Nova Friburgo, Campos, S\u00e3o Francisco do Itabapoana, Cardoso Moreira, Quissam\u00e3, S\u00e3o Jo\u00e3o de Meriti, Angra dos Reis, Guapimirim, Mangaratiba, Paraty, Volta Redonda, Barra Mansa, S\u00e3o Gon\u00e7alo, Cabo Frio, Niter\u00f3i, Maric\u00e1, Rio de Janeiro, Nova Igua\u00e7u, Tr\u00eas Rios, Duque de Caxias, Valen\u00e7a, S\u00e3o Jo\u00e3o da Barra e Petr\u00f3polis. Est\u00e1 dispon\u00edvel no site https:\/\/sescverao.com.br\/.<\/p>\n\n\n\n<p><em>* Estagi\u00e1ria <\/em><\/p>\n","protected":false},"excerpt":{"rendered":"<p>O evento est\u00e1 em sua 6\u00aa edi\u00e7\u00e3o, atividades recreativas e art\u00edsticas est\u00e3o na lista do<\/p>\n","protected":false},"author":2,"featured_media":76416,"comment_status":"open","ping_status":"open","sticky":false,"template":"","format":"standard","meta":{"footnotes":""},"categories":[12],"tags":[],"class_list":["post-76415","post","type-post","status-publish","format-standard","has-post-thumbnail","hentry","category-cidade"],"_links":{"self":[{"href":"https:\/\/tvc16.com\/portal\/wp-json\/wp\/v2\/posts\/76415","targetHints":{"allow":["GET"]}}],"collection":[{"href":"https:\/\/tvc16.com\/portal\/wp-json\/wp\/v2\/posts"}],"about":[{"href":"https:\/\/tvc16.com\/portal\/wp-json\/wp\/v2\/types\/post"}],"author":[{"embeddable":true,"href":"https:\/\/tvc16.com\/portal\/wp-json\/wp\/v2\/users\/2"}],"replies":[{"embeddable":true,"href":"https:\/\/tvc16.com\/portal\/wp-json\/wp\/v2\/comments?post=76415"}],"version-history":[{"count":1,"href":"https:\/\/tvc16.com\/portal\/wp-json\/wp\/v2\/posts\/76415\/revisions"}],"predecessor-version":[{"id":76417,"href":"https:\/\/tvc16.com\/portal\/wp-json\/wp\/v2\/posts\/76415\/revisions\/76417"}],"wp:featuredmedia":[{"embeddable":true,"href":"https:\/\/tvc16.com\/portal\/wp-json\/wp\/v2\/media\/76416"}],"wp:attachment":[{"href":"https:\/\/tvc16.com\/portal\/wp-json\/wp\/v2\/media?parent=76415"}],"wp:term":[{"taxonomy":"category","embeddable":true,"href":"https:\/\/tvc16.com\/portal\/wp-json\/wp\/v2\/categories?post=76415"},{"taxonomy":"post_tag","embeddable":true,"href":"https:\/\/tvc16.com\/portal\/wp-json\/wp\/v2\/tags?post=76415"}],"curies":[{"name":"wp","href":"https:\/\/api.w.org\/{rel}","templated":true}]}}