{"id":76424,"date":"2024-01-23T08:52:24","date_gmt":"2024-01-23T11:52:24","guid":{"rendered":"https:\/\/tvc16.com\/portal\/?p=76424"},"modified":"2024-01-23T08:52:25","modified_gmt":"2024-01-23T11:52:25","slug":"claudio-castro-assina-adesao-de-concessionarias-de-transportes-publicos-ao-sistema-de-reconhecimento-facial-da-pm","status":"publish","type":"post","link":"https:\/\/tvc16.com\/portal\/2024\/01\/23\/claudio-castro-assina-adesao-de-concessionarias-de-transportes-publicos-ao-sistema-de-reconhecimento-facial-da-pm\/","title":{"rendered":"Cl\u00e1udio Castro assina ades\u00e3o de concession\u00e1rias de transportes p\u00fablicos ao sistema de reconhecimento facial da PM\u00a0"},"content":{"rendered":"\n<p><em>A\u00e7\u00f5es de combate \u00e0 criminalidade ser\u00e3o ampliadas com a identifica\u00e7\u00e3o de foragidos da Justi\u00e7a nos trens, metr\u00f4 e barcas<\/em><\/p>\n\n\n\n<p>O governador Cl\u00e1udio Castro assinou nesta segunda-feira (22\/01) um acordo com representantes das concession\u00e1rias Supervia, Metr\u00f4, Barcas e CCR Via Lagos, para implementar o sistema de identifica\u00e7\u00e3o facial da Pol\u00edcia Militar nos modais p\u00fablicos. Com a medida, a\u00e7\u00f5es do Governo do Estado no combate \u00e0 criminalidade ser\u00e3o ampliadas, diante da possibilidade de se localizar criminosos foragidos da Justi\u00e7a, com mandados de pris\u00e3o em aberto. Com a colabora\u00e7\u00e3o das empresas de transportes, que atendem cerca de 1 milh\u00e3o de usu\u00e1rios por dia, mais de 1.000 c\u00e2meras de v\u00eddeo passam a integrar o sistema.<\/p>\n\n\n\n<p>&#8220;Hoje o Governo do Estado do Rio de Janeiro tem um CICC (Centro Integrado de Comando e Controle) moderno e equipamentos com capacidade de fazer a diferen\u00e7a na vida da popula\u00e7\u00e3o. Essa integra\u00e7\u00e3o de c\u00e2meras, de imagens, far\u00e1 com que a gente possa melhorar n\u00e3o s\u00f3 a seguran\u00e7a p\u00fablica, mas usar os equipamentos tamb\u00e9m no tr\u00e2nsito, no aux\u00edlio ao salvamento de pessoas, ou seja, em diversas perspectivas&#8221; \u2013 ressaltou Castro.<\/p>\n\n\n\n<p>A parceria foi formalizada entre a Secretaria de Estado de Pol\u00edcia Militar e a Ag\u00eancia Reguladora de Servi\u00e7os P\u00fablicos Concedidos de Transportes Aquavi\u00e1rios, Ferrovi\u00e1rios, Metrovi\u00e1rios e de Rodovias do Estado do Rio (Agetransp). A previs\u00e3o \u00e9 que o sistema, que recebeu investimento de R$ 18 milh\u00f5es do Governo do Estado, entre equipamentos e softwares, entre em opera\u00e7\u00e3o antes do Carnaval nos transportes p\u00fablicos.<\/p>\n\n\n\n<p><strong>Maior efic\u00e1cia no policiamento ostensivo<\/strong><\/p>\n\n\n\n<p>De acordo com o secret\u00e1rio de Estado da Pol\u00edcia Militar, coronel Luiz Henrique Pires, o acordo vai contribuir para a melhor efic\u00e1cia no policiamento ostensivo, principalmente numa \u00e9poca em que a capital recebe milhares de turistas para o Carnaval.<\/p>\n\n\n\n<p>&#8220;Essa \u00e9 a concretiza\u00e7\u00e3o de um projeto que vem sendo constru\u00eddo h\u00e1 dois anos. Certamente ser\u00e1 muito \u00fatil no trabalho ostensivo di\u00e1rio&#8221; \u2013 comentou Luiz Henrique, explicando que o sistema j\u00e1 vem sendo testado h\u00e1 tr\u00eas semanas.<\/p>\n\n\n\n<p>A tecnologia, baseada em intelig\u00eancia artificial, usar\u00e1 a rede de fibra \u00f3tica da Agetransp, que re\u00fane c\u00e2meras de monitoramento das respectivas concession\u00e1rias, para apoiar a Pol\u00edcia Militar em suas a\u00e7\u00f5es. As imagens das c\u00e2meras ser\u00e3o transmitidas diretamente para o CICC, onde a equipe de fiscaliza\u00e7\u00e3o da Agetransp tamb\u00e9m atua. A identidade de uma pessoa pode ser obtida com verifica\u00e7\u00e3o de cruzamento de dados, por meio da imagem do rosto, seja em foto, v\u00eddeo ou captura em tempo real.<\/p>\n\n\n\n<p>A iniciativa proporcionar\u00e1 maior sensa\u00e7\u00e3o de seguran\u00e7a para os passageiros dos transportes p\u00fablicos do Rio, diz o conselheiro presidente da Agetransp, Adolfo Konder.<\/p>\n\n\n\n<p>&#8220;O sistema vai inibir a pr\u00e1tica de delitos nos meios de transportes&#8221; &#8211; afirmou Konder.<\/p>\n\n\n\n<p><strong>Reconhecimento Facial<\/strong><\/p>\n\n\n\n<p>O videomonitoramento por reconhecimento facial vem sendo implementado pelo Governo do Estado em v\u00e1rios pontos do territ\u00f3rio fluminense e garantindo a seguran\u00e7a em grandes eventos. No \u00faltimo R\u00e9veillon de Copacabana, por exemplo, propiciou a identifica\u00e7\u00e3o de um suspeito de tentativa de homic\u00eddio.<\/p>\n\n\n\n<p>Atualmente, o Governo do Estado usa 112 c\u00e2meras espalhadas pela cidade para realizar o monitoramento em tempo real. Agentes que trabalham no CICC monitoram as c\u00e2meras e acionam a equipe policial que est\u00e1 mais pr\u00f3xima ao alvo identificado. A comunica\u00e7\u00e3o entre os servidores \u00e9 feita pela c\u00e2mera acoplada no uniforme do policial que est\u00e1 na rua. Para a verifica\u00e7\u00e3o da identidade, s\u00e3o utilizadas imagens dos bancos de dados da Pol\u00edcia Civil e do Detran-RJ.<\/p>\n\n\n\n<p>At\u00e9 o momento, j\u00e1 foram acopladas 12.719 c\u00e2meras port\u00e1teis nos uniformes dos policiais militares, num universo de 13 mil contratadas.\u00a0 Nesta segunda-feira, 100 policiais civis da Coordenadoria de Recursos Especiais, a Core, tamb\u00e9m come\u00e7aram a utilizar c\u00e2meras port\u00e1teis em seus uniformes.<\/p>\n\n\n\n<p><em>N\u00facleo de Comunica\u00e7\u00e3o do Governo do Rio de Janeiro<\/em><\/p>\n","protected":false},"excerpt":{"rendered":"<p>A\u00e7\u00f5es de combate \u00e0 criminalidade ser\u00e3o ampliadas com a identifica\u00e7\u00e3o de foragidos da Justi\u00e7a nos<\/p>\n","protected":false},"author":2,"featured_media":76425,"comment_status":"open","ping_status":"open","sticky":false,"template":"","format":"standard","meta":{"footnotes":""},"categories":[17],"tags":[],"class_list":["post-76424","post","type-post","status-publish","format-standard","has-post-thumbnail","hentry","category-outras-noticias"],"_links":{"self":[{"href":"https:\/\/tvc16.com\/portal\/wp-json\/wp\/v2\/posts\/76424","targetHints":{"allow":["GET"]}}],"collection":[{"href":"https:\/\/tvc16.com\/portal\/wp-json\/wp\/v2\/posts"}],"about":[{"href":"https:\/\/tvc16.com\/portal\/wp-json\/wp\/v2\/types\/post"}],"author":[{"embeddable":true,"href":"https:\/\/tvc16.com\/portal\/wp-json\/wp\/v2\/users\/2"}],"replies":[{"embeddable":true,"href":"https:\/\/tvc16.com\/portal\/wp-json\/wp\/v2\/comments?post=76424"}],"version-history":[{"count":1,"href":"https:\/\/tvc16.com\/portal\/wp-json\/wp\/v2\/posts\/76424\/revisions"}],"predecessor-version":[{"id":76426,"href":"https:\/\/tvc16.com\/portal\/wp-json\/wp\/v2\/posts\/76424\/revisions\/76426"}],"wp:featuredmedia":[{"embeddable":true,"href":"https:\/\/tvc16.com\/portal\/wp-json\/wp\/v2\/media\/76425"}],"wp:attachment":[{"href":"https:\/\/tvc16.com\/portal\/wp-json\/wp\/v2\/media?parent=76424"}],"wp:term":[{"taxonomy":"category","embeddable":true,"href":"https:\/\/tvc16.com\/portal\/wp-json\/wp\/v2\/categories?post=76424"},{"taxonomy":"post_tag","embeddable":true,"href":"https:\/\/tvc16.com\/portal\/wp-json\/wp\/v2\/tags?post=76424"}],"curies":[{"name":"wp","href":"https:\/\/api.w.org\/{rel}","templated":true}]}}