{"id":7648,"date":"2020-12-07T08:19:44","date_gmt":"2020-12-07T11:19:44","guid":{"rendered":"https:\/\/tvc16.com\/portal\/?p=7648"},"modified":"2020-12-07T08:19:46","modified_gmt":"2020-12-07T11:19:46","slug":"stf-vota-pela-inconstitucionalidade-da-reeleicao-de-maia-e-alcolumbre","status":"publish","type":"post","link":"https:\/\/tvc16.com\/portal\/2020\/12\/07\/stf-vota-pela-inconstitucionalidade-da-reeleicao-de-maia-e-alcolumbre\/","title":{"rendered":"STF vota pela inconstitucionalidade da reelei\u00e7\u00e3o de Maia e Alcolumbre"},"content":{"rendered":"\n<h3 class=\"wp-block-heading\">Vota\u00e7\u00e3o final ficou em 7 a 4 contra a Maia e 6 a 5 contra Alcolumbre<\/h3>\n\n\n\n<p>O Supremo Tribunal Federal (STF) decidiu, no fim da noite desse domingo (6), durante sess\u00e3o de julgamento em plen\u00e1rio virtual, que os atuais presidentes da C\u00e2mara, Rodrigo Maia (DEM-RJ); e do Senado, Davi Alcolumbre (DEM-AP); n\u00e3o podem disputar a reelei\u00e7\u00e3o na mesma legislatura.<img decoding=\"async\" src=\"https:\/\/agenciabrasil.ebc.com.br\/ebc.png?id=1395696&amp;o=node\"><img decoding=\"async\" src=\"https:\/\/agenciabrasil.ebc.com.br\/ebc.gif?id=1395696&amp;o=node\"><\/p>\n\n\n\n<p>Os \u00faltimos votos foram dos ministros Lu\u00eds Roberto Barroso, Edson Fachin e Luiz Fux. Todos tiveram entendimento contr\u00e1rio ao voto do relator Gilmar Mendes, e decidiram pela inconstitucionalidade da reelei\u00e7\u00e3o de Maia e Alcolumbre.<\/p>\n\n\n\n<p>No entendimento do relator, Maia e Alcolumbre poderiam se reeleger, mas deveria haver uma regra para que fosse permitida apenas uma recondu\u00e7\u00e3o. Ele foi seguido pelos ministros Dias Toffoli, Alexandre de Moraes e Ricardo Lewandowski. Nunes Marques acompanhou o relator, mas em rela\u00e7\u00e3o \u00e0 candidatura de Alcolumbre.<\/p>\n\n\n\n<p>Fachin, Barroso e Fux seguiram os votos das ministras Carmen L\u00facia e Rosa Weber e do ministro Marco Aur\u00e9lio Mello, contr\u00e1rios \u00e0 reelei\u00e7\u00e3o. Ao proferir seu voto, o presidente do STF, ministro Luiz Fux, disse que a norma constitucional \u201cimpede a recondu\u00e7\u00e3o para o mesmo cargo na elei\u00e7\u00e3o imediatamente subsequente a do primeiro ano da legislatura\u201d.<\/p>\n\n\n\n<p>Segundo Fux, \u201cn\u00e3o h\u00e1 como se concluir pela possibilidade de recondu\u00e7\u00e3o em elei\u00e7\u00f5es que ocorram no \u00e2mbito da mesma legislatura sem que se negue vig\u00eancia ao texto constitucional.\u201d<\/p>\n\n\n\n<h2 class=\"wp-block-heading\">Resultado final<\/h2>\n\n\n\n<p>Como o ministro Nunes Marques votou contr\u00e1rio \u00e0 candidatura da reelei\u00e7\u00e3o de Rodrigo Maia, na mesma legislatura, para a presid\u00eancia da C\u00e2mara; e a favor da candidatura de Davi Alcolumbre, para o Senado; o placar final da vota\u00e7\u00e3o, em sess\u00e3o de julgamento no plen\u00e1rio virtual, ficou em 7 votos a 4 contra a Maia e 6 a 5 contra Alcolumbre.<\/p>\n\n\n\n<p>A vota\u00e7\u00e3o foi para decidir sobre A\u00e7\u00e3o Direta de Inconstitucionalidade (ADIn) impetrada pelo PTB. Nela, o partido pedia para que fosse proibida a recondu\u00e7\u00e3o dos presidentes das casas legislativas do Congresso Nacional.<\/p>\n\n\n\n<p>Por Ag\u00eancia Brasil &#8211; Bras\u00edlia<\/p>\n\n\n\n<p>Edi\u00e7\u00e3o: A\u00e9cio Amado<\/p>\n","protected":false},"excerpt":{"rendered":"<p>Vota\u00e7\u00e3o final ficou em 7 a 4 contra a Maia e 6 a 5 contra<\/p>\n","protected":false},"author":2,"featured_media":7649,"comment_status":"open","ping_status":"open","sticky":false,"template":"","format":"standard","meta":{"footnotes":""},"categories":[15],"tags":[],"class_list":["post-7648","post","type-post","status-publish","format-standard","has-post-thumbnail","hentry","category-politica"],"_links":{"self":[{"href":"https:\/\/tvc16.com\/portal\/wp-json\/wp\/v2\/posts\/7648","targetHints":{"allow":["GET"]}}],"collection":[{"href":"https:\/\/tvc16.com\/portal\/wp-json\/wp\/v2\/posts"}],"about":[{"href":"https:\/\/tvc16.com\/portal\/wp-json\/wp\/v2\/types\/post"}],"author":[{"embeddable":true,"href":"https:\/\/tvc16.com\/portal\/wp-json\/wp\/v2\/users\/2"}],"replies":[{"embeddable":true,"href":"https:\/\/tvc16.com\/portal\/wp-json\/wp\/v2\/comments?post=7648"}],"version-history":[{"count":1,"href":"https:\/\/tvc16.com\/portal\/wp-json\/wp\/v2\/posts\/7648\/revisions"}],"predecessor-version":[{"id":7650,"href":"https:\/\/tvc16.com\/portal\/wp-json\/wp\/v2\/posts\/7648\/revisions\/7650"}],"wp:featuredmedia":[{"embeddable":true,"href":"https:\/\/tvc16.com\/portal\/wp-json\/wp\/v2\/media\/7649"}],"wp:attachment":[{"href":"https:\/\/tvc16.com\/portal\/wp-json\/wp\/v2\/media?parent=7648"}],"wp:term":[{"taxonomy":"category","embeddable":true,"href":"https:\/\/tvc16.com\/portal\/wp-json\/wp\/v2\/categories?post=7648"},{"taxonomy":"post_tag","embeddable":true,"href":"https:\/\/tvc16.com\/portal\/wp-json\/wp\/v2\/tags?post=7648"}],"curies":[{"name":"wp","href":"https:\/\/api.w.org\/{rel}","templated":true}]}}