{"id":76505,"date":"2024-01-25T05:00:00","date_gmt":"2024-01-25T08:00:00","guid":{"rendered":"https:\/\/tvc16.com\/portal\/?p=76505"},"modified":"2024-01-25T12:06:42","modified_gmt":"2024-01-25T15:06:42","slug":"projeto-de-jardim-botanico-para-o-lago-de-nogueira-nao-sai-do-papel-e-estado-de-conservacao-preocupa-frequentadores","status":"publish","type":"post","link":"https:\/\/tvc16.com\/portal\/2024\/01\/25\/projeto-de-jardim-botanico-para-o-lago-de-nogueira-nao-sai-do-papel-e-estado-de-conservacao-preocupa-frequentadores\/","title":{"rendered":"Projeto de Jardim Bot\u00e2nico, para o Lago de Nogueira, n\u00e3o sai do papel e estado de conserva\u00e7\u00e3o preocupa frequentadores"},"content":{"rendered":"\n<p>Quem viu os tempos de ouro do Lago de Nogueira, com passeios a cavalo, picnics e espa\u00e7o de lazer e atividades f\u00edsicas, nem reconhece o local como est\u00e1 agora. O espa\u00e7o, querido por muitos, est\u00e1 abandonado. A vegeta\u00e7\u00e3o toma conta do espa\u00e7o utilizado por corredores e ciclistas e o lago, diariamente frequentado por pescadores, s\u00f3 recebe aten\u00e7\u00e3o de moradores da regi\u00e3o.<\/p>\n\n\n\n<p>\u201cA gente n\u00e3o depende s\u00f3 da Prefeitura para manter o estado de conserva\u00e7\u00e3o porque tem um moradora da regi\u00e3o, o Renato, que cuida desse lago como se fosse a menina dos olhos dele. Se dependesse da prefeitura esse lago j\u00e1 estava acabado h\u00e1 muito tempo\u201d, disse o representante comercial, Claudio Coutinho.<\/p>\n\n\n\n<figure class=\"wp-block-image size-large\"><img loading=\"lazy\" decoding=\"async\" width=\"1024\" height=\"768\" src=\"https:\/\/tvc16.com\/portal\/wp-content\/uploads\/2024\/01\/WhatsApp-Image-2024-01-24-at-13.56.12-1024x768.jpeg\" alt=\"\" class=\"wp-image-76506\" srcset=\"https:\/\/tvc16.com\/portal\/wp-content\/uploads\/2024\/01\/WhatsApp-Image-2024-01-24-at-13.56.12-1024x768.jpeg 1024w, https:\/\/tvc16.com\/portal\/wp-content\/uploads\/2024\/01\/WhatsApp-Image-2024-01-24-at-13.56.12-300x225.jpeg 300w, https:\/\/tvc16.com\/portal\/wp-content\/uploads\/2024\/01\/WhatsApp-Image-2024-01-24-at-13.56.12-768x576.jpeg 768w, https:\/\/tvc16.com\/portal\/wp-content\/uploads\/2024\/01\/WhatsApp-Image-2024-01-24-at-13.56.12-1536x1152.jpeg 1536w, https:\/\/tvc16.com\/portal\/wp-content\/uploads\/2024\/01\/WhatsApp-Image-2024-01-24-at-13.56.12-200x150.jpeg 200w, https:\/\/tvc16.com\/portal\/wp-content\/uploads\/2024\/01\/WhatsApp-Image-2024-01-24-at-13.56.12.jpeg 1600w\" sizes=\"auto, (max-width: 1024px) 100vw, 1024px\" \/><\/figure>\n\n\n\n<p>J\u00e1 o aposentado Jorge Figueiredo, que pesca no local, disse que espera por melhorias. \u201cEu gostaria que fosse melhor, porque est\u00e1 cheio de lama e terra. A falta de manuten\u00e7\u00e3o vai acabar com o nosso lago\u201d, afirmou.<\/p>\n\n\n\n<p>O Jardim Bot\u00e2nico De Nogueira, projeto desenvolvido em 2018 pela Prefeitura de Petr\u00f3polis, prev\u00ea a reurbaniza\u00e7\u00e3o do local, com a recupera\u00e7\u00e3o da cal\u00e7ada de caminhada no entorno do lago e a constru\u00e7\u00e3o de deck para contempla\u00e7\u00e3o e pescaria. O espa\u00e7o do jardim bot\u00e2nico funcionaria como \u00e1rea de preserva\u00e7\u00e3o e estudo das plantas em extin\u00e7\u00e3o da mata atl\u00e2ntica. O projeto n\u00e3o saiu do papel nem tampouco as manuten\u00e7\u00f5es b\u00e1sicas, como capina e manuten\u00e7\u00e3o dos bancos, s\u00e3o feitas com frequ\u00eancia.<\/p>\n\n\n\n<p>\u201cEu acho dif\u00edcil esse projeto sair do papel porque eu j\u00e1 escuto isso h\u00e1 muitos anos. Vem o pessoal da prefeitura, mexe um pouco e depois some. Isso \u00e9 papo furado\u201d, disse Claudio.<\/p>\n\n\n\n<p>Em setembro de 2021 foi assinado contrato com a empresa que faria o projeto executivo para a revitaliza\u00e7\u00e3o da orla do Lago de Nogueira e a implanta\u00e7\u00e3o do jardim bot\u00e2nico, num custo de R$ 593 mil. O prazo era de 150 dias corridos.<\/p>\n\n\n\n<p>At\u00e9 mesmo para os pescadores, visitantes ass\u00edduos do local, fa\u00e7a chuva ou fa\u00e7a sol, a quest\u00e3o \u00e9 preocupante. O lago, que inclusive \u00e9 lar de alguns animais, est\u00e1 com uma parte totalmente assoreada. \u201cSeria interessante um Jardim Bot\u00e2nico. J\u00e1 fizeram algumas coisinhas, que foram destru\u00eddas, mas agora \u00e9 mato puro esse lago. Seria \u00f3timo uma conserva\u00e7\u00e3o, porque tem muitos visitantes\u201d, disse Jorge.<\/p>\n\n\n\n<p>At\u00e9 o momento, a prefeitura de Petr\u00f3polis n\u00e3o informou se existem planos para tirar do papel o projeto de jardim bot\u00e2nico ainda em seu governo.<\/p>\n\n\n\n<p>Em nota o Instituto Estadual do Ambiente (Inea) informou que tem ci\u00eancia da iniciativa do projeto Lago &#8211; Jardim Bot\u00e2nico de Nogueira e est\u00e1 respons\u00e1vel pelo estudo pertinente ao Projeto de Recupera\u00e7\u00e3o do Lago de Nogueira, no que tange a dragagem e recupera\u00e7\u00e3o das margens do lago.<\/p>\n\n\n\n<p>As demais obriga\u00e7\u00f5es do referido projeto s\u00e3o da Prefeitura Municipal de Petr\u00f3polis, \u00c1guas do Imperador e Associa\u00e7\u00e3o Elizabeth Watkins Pr\u00f3 Jardim Bot\u00e2nico de Nogueira &#8211; PROJARDIM.<\/p>\n\n\n\n<p>Texto e fotos por Raphaela Cordeiro<\/p>\n","protected":false},"excerpt":{"rendered":"<p>Quem viu os tempos de ouro do Lago de Nogueira, com passeios a cavalo, picnics<\/p>\n","protected":false},"author":2,"featured_media":76507,"comment_status":"open","ping_status":"open","sticky":false,"template":"","format":"standard","meta":{"footnotes":""},"categories":[12],"tags":[],"class_list":["post-76505","post","type-post","status-publish","format-standard","has-post-thumbnail","hentry","category-cidade"],"_links":{"self":[{"href":"https:\/\/tvc16.com\/portal\/wp-json\/wp\/v2\/posts\/76505","targetHints":{"allow":["GET"]}}],"collection":[{"href":"https:\/\/tvc16.com\/portal\/wp-json\/wp\/v2\/posts"}],"about":[{"href":"https:\/\/tvc16.com\/portal\/wp-json\/wp\/v2\/types\/post"}],"author":[{"embeddable":true,"href":"https:\/\/tvc16.com\/portal\/wp-json\/wp\/v2\/users\/2"}],"replies":[{"embeddable":true,"href":"https:\/\/tvc16.com\/portal\/wp-json\/wp\/v2\/comments?post=76505"}],"version-history":[{"count":2,"href":"https:\/\/tvc16.com\/portal\/wp-json\/wp\/v2\/posts\/76505\/revisions"}],"predecessor-version":[{"id":76543,"href":"https:\/\/tvc16.com\/portal\/wp-json\/wp\/v2\/posts\/76505\/revisions\/76543"}],"wp:featuredmedia":[{"embeddable":true,"href":"https:\/\/tvc16.com\/portal\/wp-json\/wp\/v2\/media\/76507"}],"wp:attachment":[{"href":"https:\/\/tvc16.com\/portal\/wp-json\/wp\/v2\/media?parent=76505"}],"wp:term":[{"taxonomy":"category","embeddable":true,"href":"https:\/\/tvc16.com\/portal\/wp-json\/wp\/v2\/categories?post=76505"},{"taxonomy":"post_tag","embeddable":true,"href":"https:\/\/tvc16.com\/portal\/wp-json\/wp\/v2\/tags?post=76505"}],"curies":[{"name":"wp","href":"https:\/\/api.w.org\/{rel}","templated":true}]}}