{"id":76509,"date":"2024-01-25T05:00:00","date_gmt":"2024-01-25T08:00:00","guid":{"rendered":"https:\/\/tvc16.com\/portal\/?p=76509"},"modified":"2024-01-24T15:28:35","modified_gmt":"2024-01-24T18:28:35","slug":"voltaco-monta-base-de-captacao-de-atletas-em-petropolis","status":"publish","type":"post","link":"https:\/\/tvc16.com\/portal\/2024\/01\/25\/voltaco-monta-base-de-captacao-de-atletas-em-petropolis\/","title":{"rendered":"Volta\u00e7o monta base de capta\u00e7\u00e3o de atletas em Petr\u00f3polis"},"content":{"rendered":"\n<p><em>Peneira ir\u00e1 acontecer neste pr\u00f3ximo s\u00e1bado (27), no campo do Boa Esperan\u00e7a FC<\/em><\/p>\n\n\n\n<p>A quinta maior for\u00e7a do futebol do estado do Rio de Janeiro, o Volta Redonda, est\u00e1 iniciando um Centro de Forma\u00e7\u00e3o de Atletas (CEFAT) em Petr\u00f3polis. O fato se deve a uma parceria com o time Boa Esperan\u00e7a (localizado no bairro do Cuiab\u00e1) que ir\u00e1 fornecer o campo de futebol e atletas para o clube carioca. O Volta\u00e7o, como \u00e9 popularmente conhecido, ir\u00e1 realizar a primeira peneira (teste para capta\u00e7\u00e3o de atletas) neste pr\u00f3ximo s\u00e1bado (27), no est\u00e1dio do Boa Esperan\u00e7a, durante todo o dia. Poder\u00e3o participar jovens desde a categoria sub 7 at\u00e9 o sub 20.<\/p>\n\n\n\n<p>\u201cEstamos na montagem do elenco, ent\u00e3o vai ser muito importante todos participarem da capta\u00e7\u00e3o de atletas. Ali eles ser\u00e3o avaliados e escolhidos pelos treinadores, e por toda a diretoria. Logo em seguida v\u00e3o dar procedimento para come\u00e7ar os treinos na ter\u00e7a-feira (30)\u201d, afirmou o coordenador das categorias de base, Taylor Almeida. Na parte da manh\u00e3 ser\u00e3o realizados os testes com as categorias desde o sub 7 ao sub 12. J\u00e1 na parte da tarde ser\u00e3o feitas as demais categorias.<\/p>\n\n\n\n<p>Atualmente o elenco profissional disputa a S\u00e9rie C do Campeonato Brasileiro e a Copa do Brasil. J\u00e1 as categorias de base do clube disputam campeonatos como o Carioca, Metropolitano, Copa Light, Copa Uni\u00e3o, Ta\u00e7a Edilson Silva e Copa Volta\u00e7o.<\/p>\n\n\n\n<p>Ainda segundo o coordenador, Petr\u00f3polis foi escolhido por ser uma das cidades com a menor criminalidade do estado e por ser um celeiro de atletas. \u201c\u00c9 uma cidade hoje tranquila para que possa construir um trabalho. Tamb\u00e9m por todo hist\u00f3rico que apresenta, com craques sendo revelados. \u00c9 um celeiro de atletas, mas que precisam ser lapidados e captados da melhor forma poss\u00edvel para que possam ir para grandes clubes, come\u00e7ando com o Volta Redonda\u201d, disse Taylor.<\/p>\n\n\n\n<p>Nesta semana o clube tamb\u00e9m promoveu um passeio no centro hist\u00f3rico com a mascote oficial do Volta\u00e7o, a Jaguatirica. O objetivo foi de interagir com a popula\u00e7\u00e3o petropolitana e divulgar a peneira que ir\u00e1 acontecer neste pr\u00f3ximo s\u00e1bado. \u201c\u00c9 uma honra poder ser recebido com tanto carinho nessa cidade maravilhosa, s\u00f3 nos deixa mais ansiosos para s\u00e1bado\u201d, enfatizou o clube pelas redes sociais.<\/p>\n\n\n\n<p>Por Gabriel Rattes\/Foto: @desa_fotoesporte<\/p>\n","protected":false},"excerpt":{"rendered":"<p>Peneira ir\u00e1 acontecer neste pr\u00f3ximo s\u00e1bado (27), no campo do Boa Esperan\u00e7a FC A quinta<\/p>\n","protected":false},"author":2,"featured_media":76510,"comment_status":"open","ping_status":"open","sticky":false,"template":"","format":"standard","meta":{"footnotes":""},"categories":[12],"tags":[],"class_list":["post-76509","post","type-post","status-publish","format-standard","has-post-thumbnail","hentry","category-cidade"],"_links":{"self":[{"href":"https:\/\/tvc16.com\/portal\/wp-json\/wp\/v2\/posts\/76509","targetHints":{"allow":["GET"]}}],"collection":[{"href":"https:\/\/tvc16.com\/portal\/wp-json\/wp\/v2\/posts"}],"about":[{"href":"https:\/\/tvc16.com\/portal\/wp-json\/wp\/v2\/types\/post"}],"author":[{"embeddable":true,"href":"https:\/\/tvc16.com\/portal\/wp-json\/wp\/v2\/users\/2"}],"replies":[{"embeddable":true,"href":"https:\/\/tvc16.com\/portal\/wp-json\/wp\/v2\/comments?post=76509"}],"version-history":[{"count":1,"href":"https:\/\/tvc16.com\/portal\/wp-json\/wp\/v2\/posts\/76509\/revisions"}],"predecessor-version":[{"id":76511,"href":"https:\/\/tvc16.com\/portal\/wp-json\/wp\/v2\/posts\/76509\/revisions\/76511"}],"wp:featuredmedia":[{"embeddable":true,"href":"https:\/\/tvc16.com\/portal\/wp-json\/wp\/v2\/media\/76510"}],"wp:attachment":[{"href":"https:\/\/tvc16.com\/portal\/wp-json\/wp\/v2\/media?parent=76509"}],"wp:term":[{"taxonomy":"category","embeddable":true,"href":"https:\/\/tvc16.com\/portal\/wp-json\/wp\/v2\/categories?post=76509"},{"taxonomy":"post_tag","embeddable":true,"href":"https:\/\/tvc16.com\/portal\/wp-json\/wp\/v2\/tags?post=76509"}],"curies":[{"name":"wp","href":"https:\/\/api.w.org\/{rel}","templated":true}]}}