{"id":7654,"date":"2020-12-07T12:33:07","date_gmt":"2020-12-07T15:33:07","guid":{"rendered":"https:\/\/tvc16.com\/portal\/?p=7654"},"modified":"2020-12-07T12:33:11","modified_gmt":"2020-12-07T15:33:11","slug":"em-nova-iguacu-na-baixada-fluminense-pre-matricula-pode-ser-feita-em-quatro-casas-da-inovacao","status":"publish","type":"post","link":"https:\/\/tvc16.com\/portal\/2020\/12\/07\/em-nova-iguacu-na-baixada-fluminense-pre-matricula-pode-ser-feita-em-quatro-casas-da-inovacao\/","title":{"rendered":"Em Nova Igua\u00e7u, na Baixada Fluminense, pr\u00e9-matr\u00edcula pode ser feita em quatro Casas da Inova\u00e7\u00e3o"},"content":{"rendered":"\n<p>Com o objetivo de facilitar a vida das fam\u00edlias que n\u00e3o possuem internet em casa ou que tenham alguma dificuldade no uso dela, a Secretaria Municipal de Educa\u00e7\u00e3o (SEMED), em parceria com a Secretaria Municipal de Assuntos Estrat\u00e9gicos, Ci\u00eancia, Tecnologia e Inova\u00e7\u00e3o (SEMACTI), criou polos de atendimento para auxili\u00e1-las durante o per\u00edodo de pr\u00e9-matr\u00edcula escolar on-line.<\/p>\n\n\n\n<p>Alunos maiores de idade e respons\u00e1veis dos estudantes da Educa\u00e7\u00e3o Especial, da Educa\u00e7\u00e3o Infantil, do Ensino Fundamental e da Educa\u00e7\u00e3o de Jovens e Adultos (EJA) j\u00e1 podem efetuar o cadastro em quatro Casas da Inova\u00e7\u00e3o. A primeira fase da pr\u00e9-matr\u00edcula come\u00e7ou nesta segunda-feira (7) e vai at\u00e9 o dia 14 de dezembro.<\/p>\n\n\n\n<p>As unidades abertas s\u00e3o:&nbsp;<a rel=\"noreferrer noopener\" target=\"_blank\" href=\"https:\/\/www.google.com.br\/maps\/place\/Esta%C3%A7%C3%A3o+Cidadania+Serra+do+Vulc%C3%A3o+-+Pra%C3%A7a+do+C%C3%A9u\/@-22.7655845,-43.5043763,18.89z\/data=!4m5!3m4!1s0x995d017cb669af:0x8f393d191684cb57!8m2!3d-22.7657076!4d-43.5042754\">Nova Era<\/a>&nbsp;(Pra\u00e7a Esta\u00e7\u00e3o Cidadania Cultura &#8211; Rua Leoc\u00e1dio Mello, n\u00ba 244 &#8211; Jardim Nova Era),&nbsp;<a rel=\"noreferrer noopener\" target=\"_blank\" href=\"https:\/\/www.google.com.br\/maps\/place\/R.+Arco-%C3%8Dris+-+Jardim+Para%C3%ADso,+Nova+Igua%C3%A7u+-+RJ\/@-22.8245659,-43.6018776,17z\/data=!3m1!4b1!4m5!3m4!1s0x9be280e36a250d:0xaab6940150ced78d!8m2!3d-22.8245709!4d-43.5996889\">Para\u00edso<\/a>&nbsp;(Esta\u00e7\u00e3o Cidadania &#8211; Rua Arco \u00cdris, s\/n\u00ba &#8211; Jardim Para\u00edso), Morro Agudo (Rua Formosa, n\u00ba 265 &#8211; Comendador Soares) e&nbsp;<a rel=\"noreferrer noopener\" target=\"_blank\" href=\"https:\/\/www.google.com.br\/maps\/place\/CASA+DA+INOVA%C3%87%C3%83O+-+MARCELO+YUKA\/@-22.7455853,-43.4383346,17z\/data=!3m1!4b1!4m5!3m4!1s0x9967da85c71ded:0xde03a5357bc274b2!8m2!3d-22.7455903!4d-43.4361459\">Marcelo Yuka<\/a>&nbsp;(Pra\u00e7a da Imperatriz, Rua dos Comerci\u00e1rios &#8211; Rancho Novo). O atendimento ser\u00e1 das 9h \u00e0s 12h e das 13h \u00e0s 17h. O uso de m\u00e1scara de prote\u00e7\u00e3o \u00e9 obrigat\u00f3rio. Quem efetuar a pr\u00e9-matr\u00edcula on-line de casa ou qualquer outro local dever\u00e1 faz\u00ea-la obrigatoriamente entre 8h e 21h. O endere\u00e7o eletr\u00f4nico \u00e9&nbsp;<a rel=\"noreferrer noopener\" target=\"_blank\" href=\"http:\/\/www.matricula.novaiguacu.rj.gov.br\/\">www.matricula.novaiguacu.rj.gov.br<\/a>.<\/p>\n\n\n\n<p>Ap\u00f3s a primeira fase da pr\u00e9-matr\u00edcula on-line, o respons\u00e1vel dever\u00e1 ir \u00e0 unidade escolar, mediante agendamento, levando termo de compromisso, que ser\u00e1 emitido durante o processo, al\u00e9m de dois retratos 3\u00d74, original e c\u00f3pia da Certid\u00e3o de Registro Civil de Nascimento, de Casamento ou Identidade do aluno, original e c\u00f3pia da Identidade e do CPF do respons\u00e1vel, hist\u00f3rico escolar original ou declara\u00e7\u00e3o de escolaridade, comprovante de resid\u00eancia atualizado, caderneta de vacina\u00e7\u00e3o do aluno menor de 7 anos, cart\u00e3o do SUS e fator RH.<\/p>\n\n\n\n<p>Vale lembrar que este ano, em fun\u00e7\u00e3o da pandemia da Covid-19, a rematr\u00edcula dos alunos que j\u00e1 fazem parte da rede municipal \u00e9 autom\u00e1tica. O processo \u00e9 necess\u00e1rio para alunos novos que desejam trocar de escola ou que venham da rede particular. Outra medida adotada devido \u00e0 pandemia, que culminou com o fechamento das escolas municipais ao longo de praticamente todo o ano letivo e a readequa\u00e7\u00e3o da transmiss\u00e3o do conte\u00fado que seria dado em sala de aula foi o Regime de Progress\u00e3o Continuada. Com isso, os alunos ser\u00e3o matriculados no ano de escolaridade seguinte ao de 2020.<\/p>\n\n\n\n<p>A Progress\u00e3o Continuada trata da recupera\u00e7\u00e3o de conte\u00fados, uma vez que o planejamento previsto para o ano letivo anterior n\u00e3o se perde, mas se integra ao planejamento do ano seguinte. Ainda no primeiro bimestre ser\u00e1 realizada uma avalia\u00e7\u00e3o diagn\u00f3stica, na qual os docentes poder\u00e3o observar o desenvolvimento dos alunos, para que o planejamento possa atender a realidade de cada turma. O regime segue a Lei de Diretrizes e Bases da Educa\u00e7\u00e3o Nacional, lei n\u00ba 9.394\/96.<\/p>\n","protected":false},"excerpt":{"rendered":"<p>Com o objetivo de facilitar a vida das fam\u00edlias que n\u00e3o possuem internet em casa<\/p>\n","protected":false},"author":2,"featured_media":7655,"comment_status":"open","ping_status":"open","sticky":false,"template":"","format":"standard","meta":{"footnotes":""},"categories":[19],"tags":[],"class_list":["post-7654","post","type-post","status-publish","format-standard","has-post-thumbnail","hentry","category-educacao"],"_links":{"self":[{"href":"https:\/\/tvc16.com\/portal\/wp-json\/wp\/v2\/posts\/7654","targetHints":{"allow":["GET"]}}],"collection":[{"href":"https:\/\/tvc16.com\/portal\/wp-json\/wp\/v2\/posts"}],"about":[{"href":"https:\/\/tvc16.com\/portal\/wp-json\/wp\/v2\/types\/post"}],"author":[{"embeddable":true,"href":"https:\/\/tvc16.com\/portal\/wp-json\/wp\/v2\/users\/2"}],"replies":[{"embeddable":true,"href":"https:\/\/tvc16.com\/portal\/wp-json\/wp\/v2\/comments?post=7654"}],"version-history":[{"count":1,"href":"https:\/\/tvc16.com\/portal\/wp-json\/wp\/v2\/posts\/7654\/revisions"}],"predecessor-version":[{"id":7656,"href":"https:\/\/tvc16.com\/portal\/wp-json\/wp\/v2\/posts\/7654\/revisions\/7656"}],"wp:featuredmedia":[{"embeddable":true,"href":"https:\/\/tvc16.com\/portal\/wp-json\/wp\/v2\/media\/7655"}],"wp:attachment":[{"href":"https:\/\/tvc16.com\/portal\/wp-json\/wp\/v2\/media?parent=7654"}],"wp:term":[{"taxonomy":"category","embeddable":true,"href":"https:\/\/tvc16.com\/portal\/wp-json\/wp\/v2\/categories?post=7654"},{"taxonomy":"post_tag","embeddable":true,"href":"https:\/\/tvc16.com\/portal\/wp-json\/wp\/v2\/tags?post=7654"}],"curies":[{"name":"wp","href":"https:\/\/api.w.org\/{rel}","templated":true}]}}