{"id":7657,"date":"2020-12-07T12:34:38","date_gmt":"2020-12-07T15:34:38","guid":{"rendered":"https:\/\/tvc16.com\/portal\/?p=7657"},"modified":"2020-12-07T12:34:41","modified_gmt":"2020-12-07T15:34:41","slug":"mec-divulga-possivel-cronograma-dos-primeiros-processos-seletivos-prouni-e-fies-2021","status":"publish","type":"post","link":"https:\/\/tvc16.com\/portal\/2020\/12\/07\/mec-divulga-possivel-cronograma-dos-primeiros-processos-seletivos-prouni-e-fies-2021\/","title":{"rendered":"MEC divulga poss\u00edvel cronograma dos primeiros processos seletivos PROUNI e FIES \u2013 2021"},"content":{"rendered":"\n<p>A Pasta informou que a proje\u00e7\u00e3o \u00e9 de que as inscri\u00e7\u00f5es para o primeiro processo seletivo do Prouni de 2021 sejam realizadas a partir do dia 12 de janeiro, at\u00e9 as 23h59 do dia 15 de janeiro de 2021<\/p>\n\n\n\n<p>Est\u00e1 previsto para ser publicado no Di\u00e1rio Oficial da Uni\u00e3o do dia 15 de dezembro o edital com o cronograma do processo seletivo para o 1\u00ba semestre de 2021 do Programa Universidade Para Todos (Prouni). De acordo com o <a href=\"https:\/\/www.gov.br\/mec\/pt-br\">Minist\u00e9rio da Educa\u00e7\u00e3o<\/a>, a previs\u00e3o \u00e9 de que no dia 4 de janeiro esteja dispon\u00edvel a consulta sobre oferta de bolsas.<\/p>\n\n\n\n<p>Al\u00e9m disso, a Pasta informou que a proje\u00e7\u00e3o \u00e9 de que as inscri\u00e7\u00f5es para o primeiro processo seletivo do Prouni de 2021 sejam realizadas a partir do dia 12 de janeiro, at\u00e9 as 23h59 do dia 15 de janeiro de 2021.J\u00e1 o resultado da primeira chamada ser\u00e1 divulgado no dia 19 de janeiro do pr\u00f3ximo ano. O resultado da segunda chamada, por sua vez, ser\u00e1 apresentado no dia 1\u00ba de fevereiro.<\/p>\n\n\n\n<p><a href=\"https:\/\/brasil61.com\/noticias\/escolas-publicas-e-zonas-rurais-de-rondonia-podem-se-beneficiar-com-modernizacao-do-fundo-de-telecomunicacoes-pind202327\"><strong>Escolas p\u00fablicas e zonas rurais de Rond\u00f4nia podem se beneficiar com moderniza\u00e7\u00e3o do Fundo de Telecomunica\u00e7\u00f5es<\/strong><\/a><\/p>\n\n\n\n<p><a href=\"https:\/\/brasil61.com\/noticias\/ce-senai-participa-de-capacitacao-de-egressos-do-sistema-penitenciario-do-estado-pind202334\"><strong>CE: SENAI participa de capacita\u00e7\u00e3o de egressos do sistema penitenci\u00e1rio do estado<\/strong><\/a><\/p>\n\n\n\n<p>Quem for pr\u00e9-selecionado na primeira chamada vai ter entre 19 e 27 de janeiro para comprovar as informa\u00e7\u00f5es declaradas no ato de inscri\u00e7\u00e3o. O candidato pr\u00e9-selecionado na segunda chamada ter\u00e1 de 1\u00ba a 9 de fevereiro para a comprova\u00e7\u00e3o das informa\u00e7\u00f5es exigidas.<\/p>\n\n\n\n<p>J\u00e1 o edital do processo seletivo para o 1\u00b0 semestre de 2021 do Fundo de Financiamento Estudantil (Fies) dever\u00e1 ser divulgado no pr\u00f3ximo dia 18 de dezembro. A previs\u00e3o \u00e9 de que entre 22 e 25 de janeiro, os interessados em disputar uma vaga possam consultar as ofertas na p\u00e1gina do programa, na internet.<br>As inscri\u00e7\u00f5es para o processo seletivo do Fies para a edi\u00e7\u00e3o do 1\u00ba semestre de 2021 podem ser feitas a partir do dia 26 de janeiro, at\u00e9 as 23h59 do dia 29 de janeiro de 2021.<br><br>&nbsp;<\/p>\n\n\n\n<p>Fonte: <a href=\"https:\/\/brasil61.com\/noticias\/mec-divulga-possivel-cronograma-dos-primeiros-processos-seletivos-prouni-e-fies-2021-bras202924?email=bethdeoliveira@yahoo.com.br&amp;utm_source=newsletter&amp;utm_medium=newsletter&amp;utm_campaign=newsletter\" target=\"_blank\" rel=\"noreferrer noopener\">Brasil 61<\/a><\/p>\n","protected":false},"excerpt":{"rendered":"<p>A Pasta informou que a proje\u00e7\u00e3o \u00e9 de que as inscri\u00e7\u00f5es para o primeiro processo<\/p>\n","protected":false},"author":2,"featured_media":7658,"comment_status":"open","ping_status":"open","sticky":false,"template":"","format":"standard","meta":{"footnotes":""},"categories":[19],"tags":[],"class_list":["post-7657","post","type-post","status-publish","format-standard","has-post-thumbnail","hentry","category-educacao"],"_links":{"self":[{"href":"https:\/\/tvc16.com\/portal\/wp-json\/wp\/v2\/posts\/7657","targetHints":{"allow":["GET"]}}],"collection":[{"href":"https:\/\/tvc16.com\/portal\/wp-json\/wp\/v2\/posts"}],"about":[{"href":"https:\/\/tvc16.com\/portal\/wp-json\/wp\/v2\/types\/post"}],"author":[{"embeddable":true,"href":"https:\/\/tvc16.com\/portal\/wp-json\/wp\/v2\/users\/2"}],"replies":[{"embeddable":true,"href":"https:\/\/tvc16.com\/portal\/wp-json\/wp\/v2\/comments?post=7657"}],"version-history":[{"count":1,"href":"https:\/\/tvc16.com\/portal\/wp-json\/wp\/v2\/posts\/7657\/revisions"}],"predecessor-version":[{"id":7659,"href":"https:\/\/tvc16.com\/portal\/wp-json\/wp\/v2\/posts\/7657\/revisions\/7659"}],"wp:featuredmedia":[{"embeddable":true,"href":"https:\/\/tvc16.com\/portal\/wp-json\/wp\/v2\/media\/7658"}],"wp:attachment":[{"href":"https:\/\/tvc16.com\/portal\/wp-json\/wp\/v2\/media?parent=7657"}],"wp:term":[{"taxonomy":"category","embeddable":true,"href":"https:\/\/tvc16.com\/portal\/wp-json\/wp\/v2\/categories?post=7657"},{"taxonomy":"post_tag","embeddable":true,"href":"https:\/\/tvc16.com\/portal\/wp-json\/wp\/v2\/tags?post=7657"}],"curies":[{"name":"wp","href":"https:\/\/api.w.org\/{rel}","templated":true}]}}