{"id":7664,"date":"2020-12-07T12:38:47","date_gmt":"2020-12-07T15:38:47","guid":{"rendered":"https:\/\/tvc16.com\/portal\/?p=7664"},"modified":"2020-12-07T12:38:49","modified_gmt":"2020-12-07T15:38:49","slug":"entidades-defendem-que-ministerio-da-saude-trace-estrategias-de-vacinacao-contra-covid-19","status":"publish","type":"post","link":"https:\/\/tvc16.com\/portal\/2020\/12\/07\/entidades-defendem-que-ministerio-da-saude-trace-estrategias-de-vacinacao-contra-covid-19\/","title":{"rendered":"Entidades defendem que Minist\u00e9rio da Sa\u00fade trace estrat\u00e9gias de vacina\u00e7\u00e3o contra Covid-19"},"content":{"rendered":"\n<p>CNM e Conass assinam nota defendendo que o Programa Nacional de Imuniza\u00e7\u00f5es (PNI) cuide de um plano nacional para vacina\u00e7\u00e3o<\/p>\n\n\n\n<p>O Conselho Nacional de Secret\u00e1rios de Sa\u00fade (CONASS) e o Conselho Nacional de Secretarias Municipais de Sa\u00fade (CONASEMS) <strong><a href=\"https:\/\/www.conasems.org.br\/wp-content\/uploads\/2020\/12\/NC-CONASS-CONASEMS-1.pdf\">divulgaram nota oficial<\/a><\/strong> em que defendem a coordena\u00e7\u00e3o nacional das estrat\u00e9gias de vacina\u00e7\u00e3o contra a Covid-19, por parte do Programa Nacional de Imuniza\u00e7\u00f5es (PNI). As associa\u00e7\u00f5es apontam que o \u00f3rg\u00e3o deve liderar as an\u00e1lises de poss\u00edveis vacinas, a aquisi\u00e7\u00e3o de insumos, a defini\u00e7\u00e3o das estrat\u00e9gias e a aquisi\u00e7\u00e3o das doses.<\/p>\n\n\n\n<p><strong><a href=\"https:\/\/brasil61.com\/noticias\/senado-aprova-priorizacao-da-vacina-contra-covid-19-para-grupo-de-risco-bras202909\">Senado aprova prioriza\u00e7\u00e3o da vacina contra Covid-19 para grupo de risco<\/a><\/strong><\/p>\n\n\n\n<p><a href=\"https:\/\/brasil61.com\/noticias\/cmn-amplia-limite-de-emprestimo-para-estados-e-municipios-em-r-2-bilhoes-bras202911\"><strong>CMN amplia limite de empr\u00e9stimo para estados e munic\u00edpios em R$ 2 bilh\u00f5es<\/strong><\/a><\/p>\n\n\n\n<p>De acordo com a nota, a falta da coordena\u00e7\u00e3o nacional, a eventual ado\u00e7\u00e3o de diferentes cronogramas e grupos priorit\u00e1rios para a vacina\u00e7\u00e3o nos diversos estados s\u00e3o preocupantes, pois podem gerar desigualdades entre os cidad\u00e3os das unidades da federa\u00e7\u00e3o, al\u00e9m de dificultar as a\u00e7\u00f5es nacionais de comunica\u00e7\u00e3o e a organiza\u00e7\u00e3o da farmacovigil\u00e2ncia, que ser\u00e1 fundamental com uma nova vacina.<\/p>\n\n\n\n<p>O PNI, coordenado pelo Minist\u00e9rio da Sa\u00fade, \u00e9 um patrim\u00f4nio do Brasil e sua experi\u00eancia na realiza\u00e7\u00e3o de campanhas de grande porte \u00e9 reconhecida mundialmente. A sociedade brasileira exige que as decis\u00f5es sobre a vacina\u00e7\u00e3o contra a Covid-19 n\u00e3o sejam pautadas por quest\u00f5es alheias aos interesses do Pa\u00eds.<\/p>\n\n\n\n<p>Fonte: <a href=\"https:\/\/brasil61.com\/noticias\/entidades-defendem-que-ministerio-da-saude-trace-estrategias-de-vacinacao-contra-covid-19-bras202914?email=bethdeoliveira@yahoo.com.br&amp;utm_source=newsletter&amp;utm_medium=newsletter&amp;utm_campaign=newsletter\" target=\"_blank\" rel=\"noreferrer noopener\">Brasil 61<\/a><\/p>\n","protected":false},"excerpt":{"rendered":"<p>CNM e Conass assinam nota defendendo que o Programa Nacional de Imuniza\u00e7\u00f5es (PNI) cuide de<\/p>\n","protected":false},"author":2,"featured_media":7665,"comment_status":"open","ping_status":"open","sticky":false,"template":"","format":"standard","meta":{"footnotes":""},"categories":[13],"tags":[],"class_list":["post-7664","post","type-post","status-publish","format-standard","has-post-thumbnail","hentry","category-saude"],"_links":{"self":[{"href":"https:\/\/tvc16.com\/portal\/wp-json\/wp\/v2\/posts\/7664","targetHints":{"allow":["GET"]}}],"collection":[{"href":"https:\/\/tvc16.com\/portal\/wp-json\/wp\/v2\/posts"}],"about":[{"href":"https:\/\/tvc16.com\/portal\/wp-json\/wp\/v2\/types\/post"}],"author":[{"embeddable":true,"href":"https:\/\/tvc16.com\/portal\/wp-json\/wp\/v2\/users\/2"}],"replies":[{"embeddable":true,"href":"https:\/\/tvc16.com\/portal\/wp-json\/wp\/v2\/comments?post=7664"}],"version-history":[{"count":1,"href":"https:\/\/tvc16.com\/portal\/wp-json\/wp\/v2\/posts\/7664\/revisions"}],"predecessor-version":[{"id":7666,"href":"https:\/\/tvc16.com\/portal\/wp-json\/wp\/v2\/posts\/7664\/revisions\/7666"}],"wp:featuredmedia":[{"embeddable":true,"href":"https:\/\/tvc16.com\/portal\/wp-json\/wp\/v2\/media\/7665"}],"wp:attachment":[{"href":"https:\/\/tvc16.com\/portal\/wp-json\/wp\/v2\/media?parent=7664"}],"wp:term":[{"taxonomy":"category","embeddable":true,"href":"https:\/\/tvc16.com\/portal\/wp-json\/wp\/v2\/categories?post=7664"},{"taxonomy":"post_tag","embeddable":true,"href":"https:\/\/tvc16.com\/portal\/wp-json\/wp\/v2\/tags?post=7664"}],"curies":[{"name":"wp","href":"https:\/\/api.w.org\/{rel}","templated":true}]}}