{"id":7670,"date":"2020-12-07T12:42:52","date_gmt":"2020-12-07T15:42:52","guid":{"rendered":"https:\/\/tvc16.com\/portal\/?p=7670"},"modified":"2020-12-07T12:42:55","modified_gmt":"2020-12-07T15:42:55","slug":"brasil-pode-perder-prazo-para-a-vacina-da-pfizer","status":"publish","type":"post","link":"https:\/\/tvc16.com\/portal\/2020\/12\/07\/brasil-pode-perder-prazo-para-a-vacina-da-pfizer\/","title":{"rendered":"Brasil pode perder prazo para a vacina da Pfizer"},"content":{"rendered":"\n<p><strong>N<\/strong>o Brasil, a proposta da Pfizer enviada ao governo federal para a entrega de milh\u00f5es de doses do imunizante em 2021 est\u00e1\u00a0<strong><a rel=\"noreferrer noopener\" target=\"_blank\" href=\"http:\/\/click.emailabril.com.br\/?qs=9e870a7a02ae0a4d92b5f23340e48ab3510308ec3260679c3615b8946b1ce0d2d2c79c02db79d92712ef90cb8390ff12f88d62e3083a9169\">prestes a expirar<\/a>\u00a0<\/strong>. Segundo a companhia, 50 milh\u00f5es de unidades ser\u00e3o desenvolvidas em 2020, e 1,3 bilh\u00e3o em 2021. Se o Minist\u00e9rio da Sa\u00fade n\u00e3o responder \u00e0 farmac\u00eautica nos pr\u00f3ximos dias, o pa\u00eds ficar\u00e1 em segundo plano nessa corrida. &#8220;Ap\u00f3s expirar essa proposta de fornecimento, a quantidade de doses dispon\u00edveis mudar\u00e1 consideravelmente, sendo poss\u00edvel n\u00e3o garantir mais o fornecimento para o pa\u00eds durante os seis primeiros meses de 2021&#8221;, afirmou a VEJA o mexicano Alejandro Lizarraga, diretor da \u00e1rea de vacinas da Pfizer Brasil.<\/p>\n","protected":false},"excerpt":{"rendered":"<p>No Brasil, a proposta da Pfizer enviada ao governo federal para a entrega de milh\u00f5es<\/p>\n","protected":false},"author":2,"featured_media":7671,"comment_status":"open","ping_status":"open","sticky":false,"template":"","format":"standard","meta":{"footnotes":""},"categories":[13],"tags":[],"class_list":["post-7670","post","type-post","status-publish","format-standard","has-post-thumbnail","hentry","category-saude"],"_links":{"self":[{"href":"https:\/\/tvc16.com\/portal\/wp-json\/wp\/v2\/posts\/7670","targetHints":{"allow":["GET"]}}],"collection":[{"href":"https:\/\/tvc16.com\/portal\/wp-json\/wp\/v2\/posts"}],"about":[{"href":"https:\/\/tvc16.com\/portal\/wp-json\/wp\/v2\/types\/post"}],"author":[{"embeddable":true,"href":"https:\/\/tvc16.com\/portal\/wp-json\/wp\/v2\/users\/2"}],"replies":[{"embeddable":true,"href":"https:\/\/tvc16.com\/portal\/wp-json\/wp\/v2\/comments?post=7670"}],"version-history":[{"count":1,"href":"https:\/\/tvc16.com\/portal\/wp-json\/wp\/v2\/posts\/7670\/revisions"}],"predecessor-version":[{"id":7672,"href":"https:\/\/tvc16.com\/portal\/wp-json\/wp\/v2\/posts\/7670\/revisions\/7672"}],"wp:featuredmedia":[{"embeddable":true,"href":"https:\/\/tvc16.com\/portal\/wp-json\/wp\/v2\/media\/7671"}],"wp:attachment":[{"href":"https:\/\/tvc16.com\/portal\/wp-json\/wp\/v2\/media?parent=7670"}],"wp:term":[{"taxonomy":"category","embeddable":true,"href":"https:\/\/tvc16.com\/portal\/wp-json\/wp\/v2\/categories?post=7670"},{"taxonomy":"post_tag","embeddable":true,"href":"https:\/\/tvc16.com\/portal\/wp-json\/wp\/v2\/tags?post=7670"}],"curies":[{"name":"wp","href":"https:\/\/api.w.org\/{rel}","templated":true}]}}