{"id":7676,"date":"2020-12-07T12:53:06","date_gmt":"2020-12-07T15:53:06","guid":{"rendered":"https:\/\/tvc16.com\/portal\/?p=7676"},"modified":"2020-12-07T12:53:09","modified_gmt":"2020-12-07T15:53:09","slug":"atletico-mg-empata-com-internacional-e-fica-mais-longe-do-lider","status":"publish","type":"post","link":"https:\/\/tvc16.com\/portal\/2020\/12\/07\/atletico-mg-empata-com-internacional-e-fica-mais-longe-do-lider\/","title":{"rendered":"Atl\u00e9tico-MG empata com Internacional e fica mais longe do l\u00edder"},"content":{"rendered":"\n<h3 class=\"wp-block-heading\">Galo virou a partida, mas cedeu o empate no final do segundo tempo<\/h3>\n\n\n\n<p>Atl\u00e9tico Mineiro e Internacional empataram por 2 a 2 neste&nbsp;domingo&nbsp;(6) no Mineir\u00e3o, em Belo Horizonte (MG), pela 24\u00aa rodada do Campeonato Brasileiro. Com este placar, o Galo permanece na vice-lideran\u00e7a da competi\u00e7\u00e3o. Entretanto, com 43 pontos na tabela de classifica\u00e7\u00e3o, a dist\u00e2ncia para o l\u00edder S\u00e3o Paulo passou de dois para quatro pontos. J\u00e1 o Colorado, com 38, se encontra na&nbsp;sexta&nbsp;posi\u00e7\u00e3o.<img decoding=\"async\" src=\"https:\/\/agenciabrasil.ebc.com.br\/ebc.png?id=1395691&amp;o=node\"><img decoding=\"async\" src=\"https:\/\/agenciabrasil.ebc.com.br\/ebc.gif?id=1395691&amp;o=node\"><\/p>\n\n\n\n<p>O jogo come\u00e7ou movimentado. Logo aos 8 minutos, os ga\u00fachos abriram o placar com o atacante Yuri Alberto marcando de cabe\u00e7a. Dois minutos depois, aos 10, o volante Musto, do Internacional, fez contra, deixando tudo igual no Mineir\u00e3o. Aos 40, o Galo chegou com perigo. O chileno Vargas assustou em um chute cruzado, que passou pr\u00f3ximo da trave do goleiro Marcelo Lomba. A primeira etapa foi bastante disputada entre ambas as equipes, embora tenha tido poucas oportunidades de gols.<\/p>\n\n\n\n<p>Ap\u00f3s o intervalo, os mineiros continuaram com maior posse de bola. Aos 5, o atacante Keno fez jogada individual e chutou por cima da meta de Lomba. Na sequ\u00eancia, aos 15, o volante, de cabe\u00e7a, fez o gol da virada atleticana, aproveitando o cruzamento de Keno. A partir do resultado negativo, os colorados se lan\u00e7aram mais ao ataque. Aos 24, o volante Rodrigo Lindoso bateu de fora da \u00e1rea, no meio do caminho a bola desviou na zaga advers\u00e1ria e quase surpreendeu o goleiro Everson. Em seguida, aos 29, foi a vez de Thiago Galhardo bater cruzado, provocando defesa de Everson.<\/p>\n\n\n\n<figure class=\"wp-block-image\"><img decoding=\"async\" src=\"https:\/\/imagens.ebc.com.br\/XSavnMijET9RsTYRza98HdnmssU=\/754x0\/smart\/https:\/\/agenciabrasil.ebc.com.br\/sites\/default\/files\/thumbnails\/image\/sport_club_internacional.jpg?itok=T6k5Ng08\" alt=\"Internacional\" title=\"Ricardo Duarte\/Internacional\/Direitos Reservados\"\/><\/figure>\n\n\n\n<p>Internacional, com 38 pontos, est\u00e1 na sexta posi\u00e7\u00e3o da competi\u00e7\u00e3o. &#8211;&nbsp;<strong>Ricardo Duarte\/Internacional\/Direitos Reservados<\/strong><\/p>\n\n\n\n<p>Aos 42, os ga\u00fachos conseguiram empatar com Peglow, que aproveitou a sa\u00edda de bola errada do zagueiro R\u00e9ver. Cara a cara com Everson, o jogador bateu cruzado deixando tudo igual. Em seguida, a equipe mineira tentou pressionar, mas n\u00e3o conseguiu incomodar o Inter. Placar final: Atl\u00e9tico-MG 2, Internacional 2.<\/p>\n\n\n\n<p>O vice-l\u00edder Atl\u00e9tico-MG vai encarar na pr\u00f3xima rodada o Athletico-PR na Arena da Baixada, em Curitiba (PR). O jogo vai acontecer \u00e0s 17h (hor\u00e1rio de Bras\u00edlia) do\u00a0s\u00e1bado\u00a0(12) que vem. J\u00e1 o Internacional\u00a0ter\u00e1 que deixar de lado o Brasileir\u00e3o, pelo menos at\u00e9\u00a0quarta-feira (9), pois\u00a0ter\u00e1 pela frente o Boca Juniors (ARG) pelas oitavas de final da Libertadores. A partida ser\u00e1 realizada na La Bombonera, em Buenos Aires (ARG), \u00e0s 21h30. Pelo Brasileir\u00e3o, os ga\u00fachos entram em campo contra o Botafogo no pr\u00f3ximo\u00a0s\u00e1bado\u00a0(12). O jogo ser\u00e1 realizado no Beira-Rio, em Porto Alegre (RS), \u00e0s 19h.<\/p>\n\n\n\n<p>Por Rafael Monteiro &#8211; Rep\u00f3rter da R\u00e1dio Nacional &#8211; Rio de Janeiro &#8211; Ag\u00eancia Brasil &#8211; Rio de Janeiro<\/p>\n\n\n\n<p>Edi\u00e7\u00e3o: Carol Jardim<\/p>\n","protected":false},"excerpt":{"rendered":"<p>Galo virou a partida, mas cedeu o empate no final do segundo tempo Atl\u00e9tico Mineiro<\/p>\n","protected":false},"author":2,"featured_media":7677,"comment_status":"open","ping_status":"open","sticky":false,"template":"","format":"standard","meta":{"footnotes":""},"categories":[20],"tags":[],"class_list":["post-7676","post","type-post","status-publish","format-standard","has-post-thumbnail","hentry","category-esporte"],"_links":{"self":[{"href":"https:\/\/tvc16.com\/portal\/wp-json\/wp\/v2\/posts\/7676","targetHints":{"allow":["GET"]}}],"collection":[{"href":"https:\/\/tvc16.com\/portal\/wp-json\/wp\/v2\/posts"}],"about":[{"href":"https:\/\/tvc16.com\/portal\/wp-json\/wp\/v2\/types\/post"}],"author":[{"embeddable":true,"href":"https:\/\/tvc16.com\/portal\/wp-json\/wp\/v2\/users\/2"}],"replies":[{"embeddable":true,"href":"https:\/\/tvc16.com\/portal\/wp-json\/wp\/v2\/comments?post=7676"}],"version-history":[{"count":1,"href":"https:\/\/tvc16.com\/portal\/wp-json\/wp\/v2\/posts\/7676\/revisions"}],"predecessor-version":[{"id":7678,"href":"https:\/\/tvc16.com\/portal\/wp-json\/wp\/v2\/posts\/7676\/revisions\/7678"}],"wp:featuredmedia":[{"embeddable":true,"href":"https:\/\/tvc16.com\/portal\/wp-json\/wp\/v2\/media\/7677"}],"wp:attachment":[{"href":"https:\/\/tvc16.com\/portal\/wp-json\/wp\/v2\/media?parent=7676"}],"wp:term":[{"taxonomy":"category","embeddable":true,"href":"https:\/\/tvc16.com\/portal\/wp-json\/wp\/v2\/categories?post=7676"},{"taxonomy":"post_tag","embeddable":true,"href":"https:\/\/tvc16.com\/portal\/wp-json\/wp\/v2\/tags?post=7676"}],"curies":[{"name":"wp","href":"https:\/\/api.w.org\/{rel}","templated":true}]}}