{"id":7679,"date":"2020-12-07T15:06:11","date_gmt":"2020-12-07T18:06:11","guid":{"rendered":"https:\/\/tvc16.com\/portal\/?p=7679"},"modified":"2020-12-07T15:24:09","modified_gmt":"2020-12-07T18:24:09","slug":"prefeitura-continua-com-testagem-em-massa-da-populacao","status":"publish","type":"post","link":"https:\/\/tvc16.com\/portal\/2020\/12\/07\/prefeitura-continua-com-testagem-em-massa-da-populacao\/","title":{"rendered":"Prefeitura continua com testagem em massa da popula\u00e7\u00e3o"},"content":{"rendered":"\n<p>A\u00e7\u00f5es foram realizadas na Estrada da Saudade e Bingen nesta segunda-feira. Atividades de enfrentamento \u00e0 pandemia ser\u00e3o estendidas a outros locais nos pr\u00f3ximos dias<\/p>\n\n\n\n<figure class=\"wp-block-image size-large\"><img loading=\"lazy\" decoding=\"async\" width=\"1024\" height=\"768\" src=\"https:\/\/tvc16.com\/portal\/wp-content\/uploads\/2020\/12\/WhatsApp-Image-2020-12-07-at-11_57_40-1-1024x768.jpeg\" alt=\"\" class=\"wp-image-7684\" srcset=\"https:\/\/tvc16.com\/portal\/wp-content\/uploads\/2020\/12\/WhatsApp-Image-2020-12-07-at-11_57_40-1-1024x768.jpeg 1024w, https:\/\/tvc16.com\/portal\/wp-content\/uploads\/2020\/12\/WhatsApp-Image-2020-12-07-at-11_57_40-1-300x225.jpeg 300w, https:\/\/tvc16.com\/portal\/wp-content\/uploads\/2020\/12\/WhatsApp-Image-2020-12-07-at-11_57_40-1-768x576.jpeg 768w, https:\/\/tvc16.com\/portal\/wp-content\/uploads\/2020\/12\/WhatsApp-Image-2020-12-07-at-11_57_40-1-200x150.jpeg 200w, https:\/\/tvc16.com\/portal\/wp-content\/uploads\/2020\/12\/WhatsApp-Image-2020-12-07-at-11_57_40-1.jpeg 1280w\" sizes=\"auto, (max-width: 1024px) 100vw, 1024px\" \/><figcaption>Testagem em massa da popula\u00e7\u00e3o para a covid-19<\/figcaption><\/figure>\n\n\n\n<p>O prefeito Bernardo Rossi acompanhou, na manh\u00e3 desta segunda-feira (07), mais uma etapa das a\u00e7\u00f5es de testagem em massa da popula\u00e7\u00e3o no munic\u00edpio. Os agentes de sa\u00fade deram in\u00edcio \u00e0s atividades em mais dois locais da cidade: ponto final do Montese, na Estrada da Saudade, e associa\u00e7\u00e3o de moradores da Vila S\u00e3o Jos\u00e9, no Bingen. Os testes em massa para a detec\u00e7\u00e3o do novo coronav\u00edrus fazem parte das amplia\u00e7\u00f5es da prefeitura para frear a dissemina\u00e7\u00e3o da COVID-19 na cidade.<\/p>\n\n\n\n<figure class=\"wp-block-image size-large\"><img loading=\"lazy\" decoding=\"async\" width=\"1024\" height=\"576\" src=\"https:\/\/tvc16.com\/portal\/wp-content\/uploads\/2020\/12\/WhatsApp-Image-2020-12-07-at-11_57_41-4-1024x576.jpeg\" alt=\"\" class=\"wp-image-7685\" srcset=\"https:\/\/tvc16.com\/portal\/wp-content\/uploads\/2020\/12\/WhatsApp-Image-2020-12-07-at-11_57_41-4-1024x576.jpeg 1024w, https:\/\/tvc16.com\/portal\/wp-content\/uploads\/2020\/12\/WhatsApp-Image-2020-12-07-at-11_57_41-4-300x169.jpeg 300w, https:\/\/tvc16.com\/portal\/wp-content\/uploads\/2020\/12\/WhatsApp-Image-2020-12-07-at-11_57_41-4-768x432.jpeg 768w, https:\/\/tvc16.com\/portal\/wp-content\/uploads\/2020\/12\/WhatsApp-Image-2020-12-07-at-11_57_41-4.jpeg 1280w\" sizes=\"auto, (max-width: 1024px) 100vw, 1024px\" \/><figcaption>Prefeito Bernardo Rossi acompanha testagem com o vice Baninho<\/figcaption><\/figure>\n\n\n\n<p><\/p>\n","protected":false},"excerpt":{"rendered":"<p>A\u00e7\u00f5es foram realizadas na Estrada da Saudade e Bingen nesta segunda-feira. Atividades de enfrentamento \u00e0<\/p>\n","protected":false},"author":2,"featured_media":7680,"comment_status":"open","ping_status":"open","sticky":false,"template":"","format":"standard","meta":{"footnotes":""},"categories":[12],"tags":[],"class_list":["post-7679","post","type-post","status-publish","format-standard","has-post-thumbnail","hentry","category-cidade"],"_links":{"self":[{"href":"https:\/\/tvc16.com\/portal\/wp-json\/wp\/v2\/posts\/7679","targetHints":{"allow":["GET"]}}],"collection":[{"href":"https:\/\/tvc16.com\/portal\/wp-json\/wp\/v2\/posts"}],"about":[{"href":"https:\/\/tvc16.com\/portal\/wp-json\/wp\/v2\/types\/post"}],"author":[{"embeddable":true,"href":"https:\/\/tvc16.com\/portal\/wp-json\/wp\/v2\/users\/2"}],"replies":[{"embeddable":true,"href":"https:\/\/tvc16.com\/portal\/wp-json\/wp\/v2\/comments?post=7679"}],"version-history":[{"count":2,"href":"https:\/\/tvc16.com\/portal\/wp-json\/wp\/v2\/posts\/7679\/revisions"}],"predecessor-version":[{"id":7686,"href":"https:\/\/tvc16.com\/portal\/wp-json\/wp\/v2\/posts\/7679\/revisions\/7686"}],"wp:featuredmedia":[{"embeddable":true,"href":"https:\/\/tvc16.com\/portal\/wp-json\/wp\/v2\/media\/7680"}],"wp:attachment":[{"href":"https:\/\/tvc16.com\/portal\/wp-json\/wp\/v2\/media?parent=7679"}],"wp:term":[{"taxonomy":"category","embeddable":true,"href":"https:\/\/tvc16.com\/portal\/wp-json\/wp\/v2\/categories?post=7679"},{"taxonomy":"post_tag","embeddable":true,"href":"https:\/\/tvc16.com\/portal\/wp-json\/wp\/v2\/tags?post=7679"}],"curies":[{"name":"wp","href":"https:\/\/api.w.org\/{rel}","templated":true}]}}