{"id":7690,"date":"2020-12-07T17:20:34","date_gmt":"2020-12-07T20:20:34","guid":{"rendered":"https:\/\/tvc16.com\/portal\/?p=7690"},"modified":"2020-12-07T17:20:42","modified_gmt":"2020-12-07T20:20:42","slug":"novo-mamografo-do-centro-de-saude-deve-entrar-em-operacao-ainda-este-mes","status":"publish","type":"post","link":"https:\/\/tvc16.com\/portal\/2020\/12\/07\/novo-mamografo-do-centro-de-saude-deve-entrar-em-operacao-ainda-este-mes\/","title":{"rendered":"Novo mamogr\u00e1fo do Centro de Sa\u00fade deve entrar em opera\u00e7\u00e3o ainda este m\u00eas"},"content":{"rendered":"\n<p><em>Equipe da empresa fabricante do equipamento est\u00e1 na cidade fazendo os \u00faltimos ajustes no aparelho. A previs\u00e3o \u00e9 de que os atendimentos tenham in\u00edcio ainda este m\u00eas<\/em><\/p>\n\n\n\n<figure class=\"wp-block-image size-large\"><img loading=\"lazy\" decoding=\"async\" width=\"1024\" height=\"576\" src=\"https:\/\/tvc16.com\/portal\/wp-content\/uploads\/2020\/12\/56ac9b6e-b287-4a04-81ba-3a73daebad81-1024x576.jpg\" alt=\"\" class=\"wp-image-7691\" srcset=\"https:\/\/tvc16.com\/portal\/wp-content\/uploads\/2020\/12\/56ac9b6e-b287-4a04-81ba-3a73daebad81-1024x576.jpg 1024w, https:\/\/tvc16.com\/portal\/wp-content\/uploads\/2020\/12\/56ac9b6e-b287-4a04-81ba-3a73daebad81-300x169.jpg 300w, https:\/\/tvc16.com\/portal\/wp-content\/uploads\/2020\/12\/56ac9b6e-b287-4a04-81ba-3a73daebad81-768x432.jpg 768w, https:\/\/tvc16.com\/portal\/wp-content\/uploads\/2020\/12\/56ac9b6e-b287-4a04-81ba-3a73daebad81-1536x864.jpg 1536w, https:\/\/tvc16.com\/portal\/wp-content\/uploads\/2020\/12\/56ac9b6e-b287-4a04-81ba-3a73daebad81.jpg 1600w\" sizes=\"auto, (max-width: 1024px) 100vw, 1024px\" \/><figcaption>Treinamento para a equipe que ir\u00e1 operar o aparelho <\/figcaption><\/figure>\n\n\n\n<p>T\u00e9cnicos respons\u00e1veis pelo novo mam\u00f3grafo digital, instalado no Centro de Sa\u00fade, est\u00e3o na cidade realizando os \u00faltimos ajustes no aparelho e treinando as equipes que ir\u00e3o operar o equipamento. A montagem do aparelho teve in\u00edcio no \u00faltimo dia 30 de novembro. As obras, que tiveram in\u00edcio h\u00e1 cerca de um m\u00eas, prepararam o local que abriga o novo equipamento. No trabalho, aparelhos de ar-condicionado e um termohigr\u00f4metro tamb\u00e9m foram instalados, para a aferi\u00e7\u00e3o constante de temperatura e umidade do local.<\/p>\n\n\n\n<p>O novo mam\u00f3grafo digital de Petr\u00f3polis vai realizar at\u00e9 600 exames por m\u00eas. Esse n\u00famero \u00e9 o dobro da quantidade realizada pelo antigo equipamento anal\u00f3gico. Instalado no Centro de Sa\u00fade Coletiva Professor Manoel Jos\u00e9 Ferreira, na Rua Santos Dumont (Centro), o equipamento vai ampliar a oferta de exames na rede do Sistema \u00danico de Sa\u00fade (SUS) de Petr\u00f3polis. A expectativa da unidade \u00e9 realizar exames tamb\u00e9m aos finais de semana para dar ainda mais agilidade \u00e0 demanda atual.<\/p>\n\n\n\n<p>\u201cO novo mam\u00f3grafo vai dobrar a quantidade de exames e, desta forma, dar ainda mais agilidade a quem tem urg\u00eancia em seus diagn\u00f3sticos. \u00c9 de fundamental import\u00e2ncia que as mulheres continuem se cuidando, em todas as idades. O equipamento veio trazer ainda mais sa\u00fade para a popula\u00e7\u00e3o\u201d, afirmou o prefeito Bernardo Rossi.<\/p>\n\n\n\n<p>Vale lembrar que as obras foram necess\u00e1rias devido \u00e0s recomenda\u00e7\u00f5es da empresa que produziu o mam\u00f3grafo. O equipamento, adquirido atrav\u00e9s de uma emenda parlamentar, vem substituir o antigo mam\u00f3grafo da unidade que n\u00e3o possu\u00eda mais manuten\u00e7\u00e3o. Atualmente, as mamografias v\u00eam sendo realizadas no Hospital Alcides Carneiro (HAC) e em duas cl\u00ednicas contratadas. Para realizar as mamografias no Centro de Sa\u00fade, as pacientes precisam ter, al\u00e9m de avalia\u00e7\u00e3o peri\u00f3dica, um pedido m\u00e9dico com a indica\u00e7\u00e3o do exame.<\/p>\n","protected":false},"excerpt":{"rendered":"<p>Equipe da empresa fabricante do equipamento est\u00e1 na cidade fazendo os \u00faltimos ajustes no aparelho.<\/p>\n","protected":false},"author":2,"featured_media":7692,"comment_status":"open","ping_status":"open","sticky":false,"template":"","format":"standard","meta":{"footnotes":""},"categories":[12],"tags":[],"class_list":["post-7690","post","type-post","status-publish","format-standard","has-post-thumbnail","hentry","category-cidade"],"_links":{"self":[{"href":"https:\/\/tvc16.com\/portal\/wp-json\/wp\/v2\/posts\/7690","targetHints":{"allow":["GET"]}}],"collection":[{"href":"https:\/\/tvc16.com\/portal\/wp-json\/wp\/v2\/posts"}],"about":[{"href":"https:\/\/tvc16.com\/portal\/wp-json\/wp\/v2\/types\/post"}],"author":[{"embeddable":true,"href":"https:\/\/tvc16.com\/portal\/wp-json\/wp\/v2\/users\/2"}],"replies":[{"embeddable":true,"href":"https:\/\/tvc16.com\/portal\/wp-json\/wp\/v2\/comments?post=7690"}],"version-history":[{"count":1,"href":"https:\/\/tvc16.com\/portal\/wp-json\/wp\/v2\/posts\/7690\/revisions"}],"predecessor-version":[{"id":7693,"href":"https:\/\/tvc16.com\/portal\/wp-json\/wp\/v2\/posts\/7690\/revisions\/7693"}],"wp:featuredmedia":[{"embeddable":true,"href":"https:\/\/tvc16.com\/portal\/wp-json\/wp\/v2\/media\/7692"}],"wp:attachment":[{"href":"https:\/\/tvc16.com\/portal\/wp-json\/wp\/v2\/media?parent=7690"}],"wp:term":[{"taxonomy":"category","embeddable":true,"href":"https:\/\/tvc16.com\/portal\/wp-json\/wp\/v2\/categories?post=7690"},{"taxonomy":"post_tag","embeddable":true,"href":"https:\/\/tvc16.com\/portal\/wp-json\/wp\/v2\/tags?post=7690"}],"curies":[{"name":"wp","href":"https:\/\/api.w.org\/{rel}","templated":true}]}}