{"id":7714,"date":"2020-12-07T22:09:35","date_gmt":"2020-12-08T01:09:35","guid":{"rendered":"https:\/\/tvc16.com\/portal\/?p=7714"},"modified":"2020-12-07T22:09:38","modified_gmt":"2020-12-08T01:09:38","slug":"bolsonaro-governo-vai-ofertar-vacina-gratuita-e-nao-obrigatoria","status":"publish","type":"post","link":"https:\/\/tvc16.com\/portal\/2020\/12\/07\/bolsonaro-governo-vai-ofertar-vacina-gratuita-e-nao-obrigatoria\/","title":{"rendered":"Bolsonaro: governo vai ofertar vacina gratuita e n\u00e3o obrigat\u00f3ria"},"content":{"rendered":"\n<h2 class=\"wp-block-heading\">Presidente disse que recursos para compra est\u00e3o garantidos<\/h2>\n\n\n\n<p>O presidente Jair Bolsonaro disse nesta segunda-feira (7) que o governo federal vai oferecer vacina contra a covid-19 para toda a popula\u00e7\u00e3o de forma gratuita e n\u00e3o obrigat\u00f3ria.<img decoding=\"async\" src=\"https:\/\/agenciabrasil.ebc.com.br\/ebc.png?id=1395767&amp;o=node\"><img decoding=\"async\" src=\"https:\/\/agenciabrasil.ebc.com.br\/ebc.gif?id=1395767&amp;o=node\"><\/p>\n\n\n\n<p>&#8220;Havendo certifica\u00e7\u00e3o da Anvisa [Ag\u00eancia Nacional de Vigil\u00e2ncia Sanit\u00e1ria] (orienta\u00e7\u00f5es cient\u00edficas e preceitos legais), o governo ofertar\u00e1 a vacina a todos, gratuita e n\u00e3o obrigat\u00f3ria&#8221;, escreveu em sua conta no Twitter.<\/p>\n\n\n\n<p>Bolsonaro, que se reuniu mais cedo com o ministro da Economia, Paulo Guedes, destacou ainda que os recursos para a aquisi\u00e7\u00e3o dos&nbsp;imunizantes est\u00e3o garantidos.<\/p>\n\n\n\n<p>&#8220;N\u00e3o faltar\u00e3o recursos para que todos sejam atendidos<\/p>\n\n\n\n<p>O Minist\u00e9rio da Sa\u00fade tem acordo para a compra de doses produzidas pela farmac\u00eautica brit\u00e2nica AstraZeneca em parceria com a Universidade de Oxford, incluindo um pacto de transfer\u00eancia de tecnologia e produ\u00e7\u00e3o local da vacina pela Funda\u00e7\u00e3o Oswaldo Cruz (Fiocruz).<\/p>\n\n\n\n<p>O governo federal mant\u00e9m contato com outros laborat\u00f3rios estrangeiros que desenvolvem doses contra a covid-19 e que, se aprovadas, tamb\u00e9m poder\u00e3o ser adquiridas para imunizar a popula\u00e7\u00e3o.<\/p>\n\n\n\n<h2 class=\"wp-block-heading\">Vacina\u00e7\u00e3o em S\u00e3o Paulo<\/h2>\n\n\n\n<p>Nesta segunda-feira, o governo de S\u00e3o Paulo divulgou um&nbsp;<a href=\"https:\/\/agenciabrasil.ebc.com.br\/saude\/noticia\/2020-12\/covid-19-sao-paulo-iniciara-vacinacao-por-idosos-e-pessoal-da-saude\" target=\"_blank\" rel=\"noreferrer noopener\">plano estadual<\/a>&nbsp;de vacina\u00e7\u00e3o contra a covid-19 a partir de 25 de janeiro, come\u00e7ando por idosos e trabalhadores da sa\u00fade.<\/p>\n\n\n\n<p>O governo paulista trabalha com a compra da vacina CoronaVac, desenvolvida pela farmac\u00eautica chinesa Sinovac em parceria com o Instituto Butantan. O imunizante ainda n\u00e3o tem registro na Anvisa, etapa pr\u00e9via necess\u00e1ria para que a dose seja usada na popula\u00e7\u00e3o.\u00a0\u00a0<\/p>\n\n\n\n<p>Por Ag\u00eancia Brasil &#8211; Bras\u00edlia<\/p>\n\n\n\n<p>Edi\u00e7\u00e3o: Paula Laboissi\u00e8re<\/p>\n","protected":false},"excerpt":{"rendered":"<p>Presidente disse que recursos para compra est\u00e3o garantidos O presidente Jair Bolsonaro disse nesta segunda-feira<\/p>\n","protected":false},"author":2,"featured_media":7715,"comment_status":"open","ping_status":"open","sticky":false,"template":"","format":"standard","meta":{"footnotes":""},"categories":[14],"tags":[],"class_list":["post-7714","post","type-post","status-publish","format-standard","has-post-thumbnail","hentry","category-pais"],"_links":{"self":[{"href":"https:\/\/tvc16.com\/portal\/wp-json\/wp\/v2\/posts\/7714","targetHints":{"allow":["GET"]}}],"collection":[{"href":"https:\/\/tvc16.com\/portal\/wp-json\/wp\/v2\/posts"}],"about":[{"href":"https:\/\/tvc16.com\/portal\/wp-json\/wp\/v2\/types\/post"}],"author":[{"embeddable":true,"href":"https:\/\/tvc16.com\/portal\/wp-json\/wp\/v2\/users\/2"}],"replies":[{"embeddable":true,"href":"https:\/\/tvc16.com\/portal\/wp-json\/wp\/v2\/comments?post=7714"}],"version-history":[{"count":1,"href":"https:\/\/tvc16.com\/portal\/wp-json\/wp\/v2\/posts\/7714\/revisions"}],"predecessor-version":[{"id":7716,"href":"https:\/\/tvc16.com\/portal\/wp-json\/wp\/v2\/posts\/7714\/revisions\/7716"}],"wp:featuredmedia":[{"embeddable":true,"href":"https:\/\/tvc16.com\/portal\/wp-json\/wp\/v2\/media\/7715"}],"wp:attachment":[{"href":"https:\/\/tvc16.com\/portal\/wp-json\/wp\/v2\/media?parent=7714"}],"wp:term":[{"taxonomy":"category","embeddable":true,"href":"https:\/\/tvc16.com\/portal\/wp-json\/wp\/v2\/categories?post=7714"},{"taxonomy":"post_tag","embeddable":true,"href":"https:\/\/tvc16.com\/portal\/wp-json\/wp\/v2\/tags?post=7714"}],"curies":[{"name":"wp","href":"https:\/\/api.w.org\/{rel}","templated":true}]}}