{"id":7720,"date":"2020-12-07T22:23:17","date_gmt":"2020-12-08T01:23:17","guid":{"rendered":"https:\/\/tvc16.com\/portal\/?p=7720"},"modified":"2020-12-07T22:23:19","modified_gmt":"2020-12-08T01:23:19","slug":"prefeito-bernardo-rossi-anuncia-novas-medidas-no-enfrentamento-da-covid-19-na-cidade","status":"publish","type":"post","link":"https:\/\/tvc16.com\/portal\/2020\/12\/07\/prefeito-bernardo-rossi-anuncia-novas-medidas-no-enfrentamento-da-covid-19-na-cidade\/","title":{"rendered":"Prefeito Bernardo Rossi anuncia novas medidas no enfrentamento da COVID-19 na Cidade"},"content":{"rendered":"\n<p><em>Remanejamento de leitos, suspens\u00e3o de cirurgias eletivas e redimensionamento da rede de sa\u00fade s\u00e3o algumas das armas do governo contra a pandemia<\/em><\/p>\n\n\n\n<p>O prefeito Bernardo Rossi anunciou, na tarde desta segunda-feira (07), novas medidas para o enfrentamento da pandemia no munic\u00edpio. No Hospital Alcides Carneiro (HAC), a prefeitura realizou o redimensionamento da rede de sa\u00fade. Dez leitos de UTI comuns foram remanejados para a interna\u00e7\u00e3o exclusiva de pacientes infectados pelo novo coronav\u00edrus. Tamb\u00e9m no HAC, ser\u00e3o suspensas, a partir da pr\u00f3xima quarta-feira (09), todas as cirurgias classificadas como eletivas, com exce\u00e7\u00e3o dos procedimentos de urg\u00eancia e emerg\u00eancia, oncol\u00f3gicos e vasculares.<\/p>\n\n\n\n<p>Bernardo Rossi anunciou, ainda, que a prefeitura tem todo o planejamento para retomar as atividades da UPA de Cascatinha como UPA Vermelha, isto \u00e9, tendo a unidade voltada exclusivamente aos atendimentos e interna\u00e7\u00f5es de pacientes da COVID-19, em caso de crescimento cont\u00ednuo da doen\u00e7a na cidade.<\/p>\n\n\n\n<p>\u201cPetr\u00f3polis est\u00e1 preparada para o enfrentamento \u00e0 COVID-19. Nossas a\u00e7\u00f5es t\u00eam como base nosso compromisso em salvar vidas. N\u00e3o tivemos \u00f3bitos por falta de leitos para pacientes infectados pelo coronav\u00edrus. N\u00e3o faltaram respiradores em nossas unidades. Todas as medidas que anuncio hoje t\u00eam o mesmo objetivo: manter a popula\u00e7\u00e3o segura da pandemia. Vamos fazer tudo o que est\u00e1 a nosso alcance para zelar pela sa\u00fade dos petropolitanos\u201d, afirmou o prefeito.<\/p>\n\n\n\n<p>Vale lembrar que a prefeitura intensificou as a\u00e7\u00f5es de monitoramento e testagem em massa da popula\u00e7\u00e3o, com exames realizados pelas equipes de sa\u00fade em pontos fixos e de casa em casa. A\u00e7\u00f5es de desinfec\u00e7\u00e3o de locais p\u00fablicos, como ruas e pontos de \u00f4nibus, tamb\u00e9m foram intensificadas, bem como a higieniza\u00e7\u00e3o rigorosa nos \u00f4nibus e mensagens atrav\u00e9s de carros de som pedindo a colabora\u00e7\u00e3o da popula\u00e7\u00e3o no enfrentamento da doen\u00e7a.<\/p>\n\n\n\n<p>\u201cAproveito para pedir a colabora\u00e7\u00e3o da popula\u00e7\u00e3o. Vamos manter nosso distanciamento social, usar nossas m\u00e1scaras, evitar as aglomera\u00e7\u00f5es. N\u00e3o podemos nos esquecer que a pandemia ainda n\u00e3o acabou e que a vida de nossos amigos e parentes dependem das nossas atitudes no dia a dia\u201d, finalizou o prefeito.<\/p>\n","protected":false},"excerpt":{"rendered":"<p>Remanejamento de leitos, suspens\u00e3o de cirurgias eletivas e redimensionamento da rede de sa\u00fade s\u00e3o algumas<\/p>\n","protected":false},"author":2,"featured_media":4027,"comment_status":"open","ping_status":"open","sticky":false,"template":"","format":"standard","meta":{"footnotes":""},"categories":[12],"tags":[],"class_list":["post-7720","post","type-post","status-publish","format-standard","has-post-thumbnail","hentry","category-cidade"],"_links":{"self":[{"href":"https:\/\/tvc16.com\/portal\/wp-json\/wp\/v2\/posts\/7720","targetHints":{"allow":["GET"]}}],"collection":[{"href":"https:\/\/tvc16.com\/portal\/wp-json\/wp\/v2\/posts"}],"about":[{"href":"https:\/\/tvc16.com\/portal\/wp-json\/wp\/v2\/types\/post"}],"author":[{"embeddable":true,"href":"https:\/\/tvc16.com\/portal\/wp-json\/wp\/v2\/users\/2"}],"replies":[{"embeddable":true,"href":"https:\/\/tvc16.com\/portal\/wp-json\/wp\/v2\/comments?post=7720"}],"version-history":[{"count":1,"href":"https:\/\/tvc16.com\/portal\/wp-json\/wp\/v2\/posts\/7720\/revisions"}],"predecessor-version":[{"id":7721,"href":"https:\/\/tvc16.com\/portal\/wp-json\/wp\/v2\/posts\/7720\/revisions\/7721"}],"wp:featuredmedia":[{"embeddable":true,"href":"https:\/\/tvc16.com\/portal\/wp-json\/wp\/v2\/media\/4027"}],"wp:attachment":[{"href":"https:\/\/tvc16.com\/portal\/wp-json\/wp\/v2\/media?parent=7720"}],"wp:term":[{"taxonomy":"category","embeddable":true,"href":"https:\/\/tvc16.com\/portal\/wp-json\/wp\/v2\/categories?post=7720"},{"taxonomy":"post_tag","embeddable":true,"href":"https:\/\/tvc16.com\/portal\/wp-json\/wp\/v2\/tags?post=7720"}],"curies":[{"name":"wp","href":"https:\/\/api.w.org\/{rel}","templated":true}]}}