{"id":7725,"date":"2020-12-07T22:30:48","date_gmt":"2020-12-08T01:30:48","guid":{"rendered":"https:\/\/tvc16.com\/portal\/?p=7725"},"modified":"2020-12-07T22:30:50","modified_gmt":"2020-12-08T01:30:50","slug":"governador-em-exercicio-recebe-familiares-de-emilly-e-rebeca","status":"publish","type":"post","link":"https:\/\/tvc16.com\/portal\/2020\/12\/07\/governador-em-exercicio-recebe-familiares-de-emilly-e-rebeca\/","title":{"rendered":"Governador em exerc\u00edcio recebe familiares de Emilly e Rebeca"},"content":{"rendered":"\n<p><em>Cl\u00e1udio Castro falou em puni\u00e7\u00e3o dos culpados<\/em><\/p>\n\n\n\n<p><br>O governador em exerc\u00edcio Cl\u00e1udio Castro recebeu, nesta segunda-feira (07), a fam\u00edlia de Emilly Victoria, de 4 anos, e de Rebeca Beatriz Rodrigues dos Santos, de 7 anos, que morreram baleadas na porta de casa, em Duque de Caxias, na Baixada Fluminense, na \u00faltima sexta-feira (04\/12). Ana L\u00facia Silva Moreira, m\u00e3e da Emilly; Maicon Douglas Moreira Santos, pai da Rebeca; e os av\u00f3s das duas meninas, L\u00eddia da Silva Moreira Santos e Lu\u00eds Roberto Santos, se reuniram com Castro e a subsecret\u00e1ria de vitimados, Pricilla Azevedo Barletta, no Pal\u00e1cio Guanabara. O governador se solidarizou com as fam\u00edlias e determinou a investiga\u00e7\u00e3o r\u00e1pida e a puni\u00e7\u00e3o dos culpados.<\/p>\n\n\n\n<p><br>&#8211; Quero me solidarizar, dizer que isso tem que acabar. Fa\u00e7o um compromisso aqui com voc\u00eas, n\u00f3s vamos atr\u00e1s dos culpados. Se for agente do poder p\u00fablico, vamos punir severamente do mesmo jeito, me comprometo com a imparcialidade total. Cada fam\u00edlia \u00e9 uma hist\u00f3ria, um sonho, n\u00e3o \u00e9 apenas um dado, n\u00e3o \u00e9 um n\u00famero. Minha luta \u00e9 para n\u00e3o perder a humanidade que me trouxe aqui \u2013 afirmou Cl\u00e1udio Castro.<\/p>\n\n\n\n<p><br>Desde o ocorrido, a Subsecretaria de Vitimados, ligada \u00e0 Secretaria de Estado de Desenvolvimento Social e Direitos Humanos, oferece suporte e apoio aos familiares das duas meninas por meio da equipe psicossocial da pasta.<br><br>&#8211; Assim que ficamos sabemos desse caso, entramos em contato com a fam\u00edlia. Hoje tivemos a oportunidade de conversar pessoalmente. A necessidade de apoio psicol\u00f3gico aparece muitas vezes dias ap\u00f3s o fato, a gente acompanha, acolhe e jamais abandona os familiares \u2013 disse a subsecret\u00e1ria de Vitimados, Pricilla Azevedo Barletta.<\/p>\n\n\n\n<p>&nbsp;<br>Integrantes da Defensoria P\u00fablica do Estado, da Comiss\u00e3o de Direitos Humanos da Assembleia Legislativa (Alerj), da Anistia Internacional e, ainda, dos coletivos \u2018Movimenta Caxias\u2019 e \u2018Coaliz\u00e3o Negro Por Direitos\u2019 tamb\u00e9m acompanharam o encontro.<\/p>\n\n\n\n<p><br>&#8211; Quero que a Justi\u00e7a seja feita. Chega dessa viol\u00eancia dentro das favelas, onde 99% das pessoas s\u00e3o trabalhadoras \u2013 ressaltou a av\u00f3 das meninas, L\u00eddia da Silva Moreira Santos.<\/p>\n\n\n\n<p><br><strong>Delegacia de Homic\u00eddios da Baixada investiga o caso<\/strong><\/p>\n\n\n\n<p><br>As investiga\u00e7\u00f5es est\u00e3o a cargo da Delegacia de Homic\u00eddios da Baixada Fluminense. Os cinco policiais militares que estavam no local j\u00e1 foram ouvidos durante o final de semana. As armas dos agentes \u2013 cinco fuzis e cinco pistolas \u2013 tamb\u00e9m foram apreendidas. A per\u00edcia est\u00e1 realizando o exame de bal\u00edstica que apura de onde partiram os disparos que atingiram as duas crian\u00e7as. Os familiares das v\u00edtimas tamb\u00e9m ser\u00e3o ouvidos pela Pol\u00edcia Civil.<\/p>\n","protected":false},"excerpt":{"rendered":"<p>Cl\u00e1udio Castro falou em puni\u00e7\u00e3o dos culpados O governador em exerc\u00edcio Cl\u00e1udio Castro recebeu, nesta<\/p>\n","protected":false},"author":2,"featured_media":7726,"comment_status":"open","ping_status":"open","sticky":false,"template":"","format":"standard","meta":{"footnotes":""},"categories":[17],"tags":[],"class_list":["post-7725","post","type-post","status-publish","format-standard","has-post-thumbnail","hentry","category-outras-noticias"],"_links":{"self":[{"href":"https:\/\/tvc16.com\/portal\/wp-json\/wp\/v2\/posts\/7725","targetHints":{"allow":["GET"]}}],"collection":[{"href":"https:\/\/tvc16.com\/portal\/wp-json\/wp\/v2\/posts"}],"about":[{"href":"https:\/\/tvc16.com\/portal\/wp-json\/wp\/v2\/types\/post"}],"author":[{"embeddable":true,"href":"https:\/\/tvc16.com\/portal\/wp-json\/wp\/v2\/users\/2"}],"replies":[{"embeddable":true,"href":"https:\/\/tvc16.com\/portal\/wp-json\/wp\/v2\/comments?post=7725"}],"version-history":[{"count":1,"href":"https:\/\/tvc16.com\/portal\/wp-json\/wp\/v2\/posts\/7725\/revisions"}],"predecessor-version":[{"id":7727,"href":"https:\/\/tvc16.com\/portal\/wp-json\/wp\/v2\/posts\/7725\/revisions\/7727"}],"wp:featuredmedia":[{"embeddable":true,"href":"https:\/\/tvc16.com\/portal\/wp-json\/wp\/v2\/media\/7726"}],"wp:attachment":[{"href":"https:\/\/tvc16.com\/portal\/wp-json\/wp\/v2\/media?parent=7725"}],"wp:term":[{"taxonomy":"category","embeddable":true,"href":"https:\/\/tvc16.com\/portal\/wp-json\/wp\/v2\/categories?post=7725"},{"taxonomy":"post_tag","embeddable":true,"href":"https:\/\/tvc16.com\/portal\/wp-json\/wp\/v2\/tags?post=7725"}],"curies":[{"name":"wp","href":"https:\/\/api.w.org\/{rel}","templated":true}]}}