{"id":7738,"date":"2020-12-07T22:44:15","date_gmt":"2020-12-08T01:44:15","guid":{"rendered":"https:\/\/tvc16.com\/portal\/?p=7738"},"modified":"2020-12-07T22:44:18","modified_gmt":"2020-12-08T01:44:18","slug":"defensoria-publica-do-rio-vai-assistir-familias-de-meninas-mortas-em-caxias","status":"publish","type":"post","link":"https:\/\/tvc16.com\/portal\/2020\/12\/07\/defensoria-publica-do-rio-vai-assistir-familias-de-meninas-mortas-em-caxias\/","title":{"rendered":"Defensoria P\u00fablica do Rio vai assistir fam\u00edlias de meninas mortas em Caxias"},"content":{"rendered":"\n<p>A Defensoria P\u00fablica do Estado do Rio de Janeiro (DPRJ) vai assistir juridicamente as fam\u00edlias das meninas Rebecca Beatriz Rodrigues Santos, de 7 anos, e Emilly Victoria da Silva Moreira Santos, de 4.<\/p>\n\n\n\n<figure class=\"wp-block-image size-large\"><img loading=\"lazy\" decoding=\"async\" width=\"1024\" height=\"683\" src=\"https:\/\/tvc16.com\/portal\/wp-content\/uploads\/2020\/12\/emily-1024x683.jpg\" alt=\"\" class=\"wp-image-7739\" srcset=\"https:\/\/tvc16.com\/portal\/wp-content\/uploads\/2020\/12\/emily-1024x683.jpg 1024w, https:\/\/tvc16.com\/portal\/wp-content\/uploads\/2020\/12\/emily-300x200.jpg 300w, https:\/\/tvc16.com\/portal\/wp-content\/uploads\/2020\/12\/emily-768x512.jpg 768w, https:\/\/tvc16.com\/portal\/wp-content\/uploads\/2020\/12\/emily-900x600.jpg 900w, https:\/\/tvc16.com\/portal\/wp-content\/uploads\/2020\/12\/emily.jpg 1500w\" sizes=\"auto, (max-width: 1024px) 100vw, 1024px\" \/><figcaption>Rebecca Beatriz Rodrigues Santos, de 7 anos, e Emilly Victoria da Silva Moreira Santos, de 4.<\/figcaption><\/figure>\n\n\n\n<p> As duas primas morreram na sexta-feira ap\u00f3s serem baleadas na porta de casa, na comunidade do Barro Vermelho, em Gramacho, Duque de Caxias. O atendimento ser\u00e1 feito pelo \u00a0N\u00facleo de Defesa dos Direitos Humanos (Nudedh), que vai acompanhar as investiga\u00e7\u00f5es para fornecer aos \u00f3rg\u00e3os competentes subs\u00eddios para a a\u00e7\u00e3o penal visando a apura\u00e7\u00e3o da responsabilidade criminal dos envolvidos.\u00a0<br><br>As fam\u00edlias foram recebidas na manh\u00e3 desta segunda-feira em reuni\u00e3o de acolhimento organizada pela Ouvidoria da DPRJ. Participaram tamb\u00e9m as comiss\u00f5es de Direitos Humanos da Ordem dos Advogados do Brasil (OAB) e da Alerj, al\u00e9m do movimento social Movimenta Caxias e da Anistia Internacional. Ao final do encontro, o defensor p\u00fablico-geral, Rodrigo Pacheco, tamb\u00e9m esteve com os familiares para prestar solidariedade.<br><br>Essa primeira reuni\u00e3o teve como objetivo conhecer as fam\u00edlias, fazer o acolhimento e orient\u00e1-las sobre as informa\u00e7\u00f5es que podem ajudar tanto a pol\u00edcia quanto o Minist\u00e9rio P\u00fablico a esclarecer o que aconteceu. O acompanhamento das fam\u00edlias nas dilig\u00eancias na delegacia ser\u00e1 feito pela OAB e a assist\u00eancia psicol\u00f3gica pela Alerj.\u00a0<br><br>&#8211; Vamos acompanhar o desfecho da investiga\u00e7\u00e3o para tamb\u00e9m responsabilizar civilmente o Estado pela conduta de seus agentes. \u00c9 mais um epis\u00f3dio tr\u00e1gico no cotidiano da popula\u00e7\u00e3o. Duas fam\u00edlias destru\u00eddas pela viol\u00eancia institucional do Estado. Duas crian\u00e7as que brincavam na porta de casa tiveram suas vidas ceifadas: essa dor jamais ser\u00e1 estancada. Estamos solid\u00e1rios na busca pela Justi\u00e7a e atuaremos sem poupar esfor\u00e7os para que a perda de vidas humanas n\u00e3o seja naturalizada &#8211; disse Carla Vianna, defensora do Nudedh.<\/p>\n\n\n\n<p>CR\u00c9DITO FOTOS: VEJA ABRIL<\/p>\n\n\n\n<h1 class=\"wp-block-heading\"><\/h1>\n","protected":false},"excerpt":{"rendered":"<p>A Defensoria P\u00fablica do Estado do Rio de Janeiro (DPRJ) vai assistir juridicamente as fam\u00edlias<\/p>\n","protected":false},"author":2,"featured_media":7740,"comment_status":"open","ping_status":"open","sticky":false,"template":"","format":"standard","meta":{"footnotes":""},"categories":[17],"tags":[],"class_list":["post-7738","post","type-post","status-publish","format-standard","has-post-thumbnail","hentry","category-outras-noticias"],"_links":{"self":[{"href":"https:\/\/tvc16.com\/portal\/wp-json\/wp\/v2\/posts\/7738","targetHints":{"allow":["GET"]}}],"collection":[{"href":"https:\/\/tvc16.com\/portal\/wp-json\/wp\/v2\/posts"}],"about":[{"href":"https:\/\/tvc16.com\/portal\/wp-json\/wp\/v2\/types\/post"}],"author":[{"embeddable":true,"href":"https:\/\/tvc16.com\/portal\/wp-json\/wp\/v2\/users\/2"}],"replies":[{"embeddable":true,"href":"https:\/\/tvc16.com\/portal\/wp-json\/wp\/v2\/comments?post=7738"}],"version-history":[{"count":1,"href":"https:\/\/tvc16.com\/portal\/wp-json\/wp\/v2\/posts\/7738\/revisions"}],"predecessor-version":[{"id":7741,"href":"https:\/\/tvc16.com\/portal\/wp-json\/wp\/v2\/posts\/7738\/revisions\/7741"}],"wp:featuredmedia":[{"embeddable":true,"href":"https:\/\/tvc16.com\/portal\/wp-json\/wp\/v2\/media\/7740"}],"wp:attachment":[{"href":"https:\/\/tvc16.com\/portal\/wp-json\/wp\/v2\/media?parent=7738"}],"wp:term":[{"taxonomy":"category","embeddable":true,"href":"https:\/\/tvc16.com\/portal\/wp-json\/wp\/v2\/categories?post=7738"},{"taxonomy":"post_tag","embeddable":true,"href":"https:\/\/tvc16.com\/portal\/wp-json\/wp\/v2\/tags?post=7738"}],"curies":[{"name":"wp","href":"https:\/\/api.w.org\/{rel}","templated":true}]}}