{"id":7742,"date":"2020-12-07T22:46:24","date_gmt":"2020-12-08T01:46:24","guid":{"rendered":"https:\/\/tvc16.com\/portal\/?p=7742"},"modified":"2020-12-07T22:46:27","modified_gmt":"2020-12-08T01:46:27","slug":"prefeitura-de-nova-iguacu-oferece-desconto-de-10-em-pagamento-de-cota-unica-do-iptu","status":"publish","type":"post","link":"https:\/\/tvc16.com\/portal\/2020\/12\/07\/prefeitura-de-nova-iguacu-oferece-desconto-de-10-em-pagamento-de-cota-unica-do-iptu\/","title":{"rendered":"Prefeitura de Nova Igua\u00e7u oferece desconto de 10% em pagamento de cota \u00fanica do IPTU"},"content":{"rendered":"\n<p>A Prefeitura de Nova Igua\u00e7u publicou, na edi\u00e7\u00e3o do Di\u00e1rio Oficial do Munic\u00edpio desta segunda-feira (7), o calend\u00e1rio de pagamentos do Imposto sobre a Propriedade Predial e Territorial Urbana (IPTU) de 2021. <\/p>\n\n\n\n<p>Os contribuintes que quitarem o imposto em cota \u00fanica, at\u00e9 o dia 10 de fevereiro, ter\u00e3o desconto de 10%. Para aqueles que n\u00e3o optarem pelo pagamento \u00fanico, o tributo pode ser parcelado em at\u00e9 10 meses, sem abatimento.<\/p>\n\n\n\n<p>As datas de vencimento ser\u00e3o as mesmas para todos os contribuintes do munic\u00edpio. Ser\u00e3o enviados 394.080 carn\u00eas, sendo 67.944 de impostos territoriais e 326.136 de impostos prediais.<\/p>\n\n\n\n<p>Segundo o Decreto 12.136, na hip\u00f3tese do n\u00e3o recebimento do carn\u00ea para pagamento dos tributos referentes ao exerc\u00edcio de 2021, o contribuinte dever\u00e1 requerer a emiss\u00e3o da segunda via pela internet, acessando o Portal do Contribuinte no endere\u00e7o&nbsp;<a rel=\"noreferrer noopener\" target=\"_blank\" href=\"http:\/\/www.novaiguacu.rj.gov.br\/\">www.novaiguacu.rj.gov.br<\/a><\/p>\n\n\n\n<p>A retirada presencialmente do carn\u00ea para pagamento da cota \u00fanica com desconto na Secretaria Municipal de Economia e Finan\u00e7as (SEMEF), que fica no pr\u00e9dio da Prefeitura de Nova Igua\u00e7u, na Rua Doutor Atha\u00edde Pimenta de Moraes, 528, Centro, ocorrer\u00e1 somente ap\u00f3s o dia 18 de janeiro. Para quem optar pelo parcelamento ou pagamento em cota \u00fanica sem desconto do IPTU, a entrega na sede da SEMEF ser\u00e1 a partir de 2 de mar\u00e7o.<\/p>\n\n\n\n<p><strong>Confira o cronograma de 2021<\/strong><\/p>\n\n\n\n<p>Cota \u00fanica &#8211; 10 de fevereiro<\/p>\n\n\n\n<p>1\u00aa cota &#8211; 15 de mar\u00e7o<br>2\u00aa cota &#8211; 15 de abril<br>3\u00aa cota &#8211; 17 de maio<br>4\u00aa cota &#8211; 15 de junho<br>5\u00aa cota &#8211; 15 de julho<br>6\u00aa cota \u2013 16 de agosto<br>7\u00aa cota &#8211; 15 de setembro<br>8\u00aa cota &#8211; 15 de outubro<br>9\u00aa cota &#8211; 16 de novembro<br>10\u00aa cota &#8211; 15 de dezembro<\/p>\n","protected":false},"excerpt":{"rendered":"<p>A Prefeitura de Nova Igua\u00e7u publicou, na edi\u00e7\u00e3o do Di\u00e1rio Oficial do Munic\u00edpio desta segunda-feira<\/p>\n","protected":false},"author":2,"featured_media":7743,"comment_status":"open","ping_status":"open","sticky":false,"template":"","format":"standard","meta":{"footnotes":""},"categories":[17],"tags":[],"class_list":["post-7742","post","type-post","status-publish","format-standard","has-post-thumbnail","hentry","category-outras-noticias"],"_links":{"self":[{"href":"https:\/\/tvc16.com\/portal\/wp-json\/wp\/v2\/posts\/7742","targetHints":{"allow":["GET"]}}],"collection":[{"href":"https:\/\/tvc16.com\/portal\/wp-json\/wp\/v2\/posts"}],"about":[{"href":"https:\/\/tvc16.com\/portal\/wp-json\/wp\/v2\/types\/post"}],"author":[{"embeddable":true,"href":"https:\/\/tvc16.com\/portal\/wp-json\/wp\/v2\/users\/2"}],"replies":[{"embeddable":true,"href":"https:\/\/tvc16.com\/portal\/wp-json\/wp\/v2\/comments?post=7742"}],"version-history":[{"count":1,"href":"https:\/\/tvc16.com\/portal\/wp-json\/wp\/v2\/posts\/7742\/revisions"}],"predecessor-version":[{"id":7744,"href":"https:\/\/tvc16.com\/portal\/wp-json\/wp\/v2\/posts\/7742\/revisions\/7744"}],"wp:featuredmedia":[{"embeddable":true,"href":"https:\/\/tvc16.com\/portal\/wp-json\/wp\/v2\/media\/7743"}],"wp:attachment":[{"href":"https:\/\/tvc16.com\/portal\/wp-json\/wp\/v2\/media?parent=7742"}],"wp:term":[{"taxonomy":"category","embeddable":true,"href":"https:\/\/tvc16.com\/portal\/wp-json\/wp\/v2\/categories?post=7742"},{"taxonomy":"post_tag","embeddable":true,"href":"https:\/\/tvc16.com\/portal\/wp-json\/wp\/v2\/tags?post=7742"}],"curies":[{"name":"wp","href":"https:\/\/api.w.org\/{rel}","templated":true}]}}