{"id":7749,"date":"2020-12-08T08:38:03","date_gmt":"2020-12-08T11:38:03","guid":{"rendered":"https:\/\/tvc16.com\/portal\/?p=7749"},"modified":"2020-12-08T08:38:05","modified_gmt":"2020-12-08T11:38:05","slug":"policia-federal-combate-no-rio-pornografia-infantil-na-internet","status":"publish","type":"post","link":"https:\/\/tvc16.com\/portal\/2020\/12\/08\/policia-federal-combate-no-rio-pornografia-infantil-na-internet\/","title":{"rendered":"Pol\u00edcia Federal combate, no Rio, pornografia infantil na internet"},"content":{"rendered":"\n<h3 class=\"wp-block-heading\">Opera\u00e7\u00e3o \u00e9 feita em cinco cidades do estado do Rio<\/h3>\n\n\n\n<p>A Pol\u00edcia Federal (PF) cumpre hoje (8) seis mandados de busca e apreens\u00e3o contra suspeitos de produ\u00e7\u00e3o, posse e compartilhamento de fotografias e v\u00eddeos envolvendo abuso sexual de crian\u00e7as e adolescentes. A opera\u00e7\u00e3o A Ca\u00e7ada est\u00e1 sendo realizada no Rio de Janeiro, Niter\u00f3i, Volta Redonda, Maca\u00e9 e Campos dos Goytacazes.<img decoding=\"async\" src=\"https:\/\/agenciabrasil.ebc.com.br\/ebc.png?id=1395792&amp;o=node\"><img decoding=\"async\" src=\"https:\/\/agenciabrasil.ebc.com.br\/ebc.gif?id=1395792&amp;o=node\"><\/p>\n\n\n\n<p>Policiais federais brasileiros, com apoio da pol\u00edcia italiana, identificaram uma rede que distribu\u00eda, para diversos pa\u00edses, arquivos com imagens de homens e mulheres abusando sexualmente de crian\u00e7as e adolescentes.<\/p>\n\n\n\n<p>Um dos alvos, em Campos dos Goytacazes, foi preso em flagrante por posse desse material. Os equipamentos eletr\u00f4nicos, como notebooks, HDs e celulares, ser\u00e3o submetidos a exame pericial para o aprofundamento das investiga\u00e7\u00f5es, de forma a se identificar v\u00edtimas, outros criminosos e crimes praticados.<\/p>\n\n\n\n<p>Os mandados de busca e apreens\u00e3o foram expedidos pelas 7\u00aa Vara Federal Criminal do Rio de Janeiro\/RJ, 2\u00aa Vara Federal Criminal de Volta Redonda e 2\u00aa Vara Federal Criminal de Niter\u00f3i.<\/p>\n\n\n\n<p>Por V\u00edtor Abdala-  Ag\u00eancia Brasil <\/p>\n\n\n\n<p>Edi\u00e7\u00e3o: Kleber Sampaio<\/p>\n","protected":false},"excerpt":{"rendered":"<p>Opera\u00e7\u00e3o \u00e9 feita em cinco cidades do estado do Rio A Pol\u00edcia Federal (PF) cumpre<\/p>\n","protected":false},"author":2,"featured_media":7750,"comment_status":"open","ping_status":"open","sticky":false,"template":"","format":"standard","meta":{"footnotes":""},"categories":[17],"tags":[],"class_list":["post-7749","post","type-post","status-publish","format-standard","has-post-thumbnail","hentry","category-outras-noticias"],"_links":{"self":[{"href":"https:\/\/tvc16.com\/portal\/wp-json\/wp\/v2\/posts\/7749","targetHints":{"allow":["GET"]}}],"collection":[{"href":"https:\/\/tvc16.com\/portal\/wp-json\/wp\/v2\/posts"}],"about":[{"href":"https:\/\/tvc16.com\/portal\/wp-json\/wp\/v2\/types\/post"}],"author":[{"embeddable":true,"href":"https:\/\/tvc16.com\/portal\/wp-json\/wp\/v2\/users\/2"}],"replies":[{"embeddable":true,"href":"https:\/\/tvc16.com\/portal\/wp-json\/wp\/v2\/comments?post=7749"}],"version-history":[{"count":1,"href":"https:\/\/tvc16.com\/portal\/wp-json\/wp\/v2\/posts\/7749\/revisions"}],"predecessor-version":[{"id":7751,"href":"https:\/\/tvc16.com\/portal\/wp-json\/wp\/v2\/posts\/7749\/revisions\/7751"}],"wp:featuredmedia":[{"embeddable":true,"href":"https:\/\/tvc16.com\/portal\/wp-json\/wp\/v2\/media\/7750"}],"wp:attachment":[{"href":"https:\/\/tvc16.com\/portal\/wp-json\/wp\/v2\/media?parent=7749"}],"wp:term":[{"taxonomy":"category","embeddable":true,"href":"https:\/\/tvc16.com\/portal\/wp-json\/wp\/v2\/categories?post=7749"},{"taxonomy":"post_tag","embeddable":true,"href":"https:\/\/tvc16.com\/portal\/wp-json\/wp\/v2\/tags?post=7749"}],"curies":[{"name":"wp","href":"https:\/\/api.w.org\/{rel}","templated":true}]}}