{"id":775,"date":"2020-09-20T17:30:56","date_gmt":"2020-09-20T17:30:56","guid":{"rendered":"https:\/\/tvc16.com\/portal\/?p=775"},"modified":"2020-09-20T17:30:56","modified_gmt":"2020-09-20T17:30:56","slug":"nao-nos-livraremos-das-mascaras-tao-cedo-diz-criador-do-1o-teste-de-coronavirus","status":"publish","type":"post","link":"https:\/\/tvc16.com\/portal\/2020\/09\/20\/nao-nos-livraremos-das-mascaras-tao-cedo-diz-criador-do-1o-teste-de-coronavirus\/","title":{"rendered":"&#8220;N\u00e3o nos livraremos das m\u00e1scaras t\u00e3o cedo&#8221;, diz criador do 1\u00ba teste de coronav\u00edrus"},"content":{"rendered":"\n<ul class=\"wp-block-list\"><li>A t\u00e3o esperada vacina contra o\u00a0<a href=\"https:\/\/br.yahoo.com\/topics\/br-news-coronavirus\"><strong>coronav\u00edrus<\/strong><\/a>\u00a0n\u00e3o aposentar\u00e1 um item indispens\u00e1vel na pandemia: a m\u00e1scara. Segundo o virologista alem\u00e3o Christian Drosten, que criou o primeiro teste de diagn\u00f3stico do mundo de Covid-19, o item de prote\u00e7\u00e3o permanecer\u00e1 em uso mesmo ap\u00f3s a imuniza\u00e7\u00e3o.<\/li><\/ul>\n\n\n\n<p>\u201cO inverno n\u00e3o vai ser f\u00e1cil. Teremos vacinas no ano que vem, mas penso que determinadas parcelas da popula\u00e7\u00e3o s\u00f3 poder\u00e3o ser vacinadas no fim de 2021. N\u00e3o nos livraremos das m\u00e1scaras t\u00e3o cedo. Pois, mesmo quando for iniciada a vacina\u00e7\u00e3o, a maioria da popula\u00e7\u00e3o ainda ter\u00e1 que us\u00e1-las. Em pa\u00edses como a Alemanha, onde h\u00e1 poucas infec\u00e7\u00f5es, n\u00e3o haver\u00e1 uma imunidade ampla. Provavelmente tamb\u00e9m ser\u00e1 assim nos demais pa\u00edses da Europa\u201d, afirmou o m\u00e9dico em entrevista \u00e0 DW.<\/p>\n\n\n\n<p>Sobre outro h\u00e1bito n\u00e3o recomendado na pandemia, o abra\u00e7o, o virologista pede mais prud\u00eancia.<\/p>\n\n\n\n<p>\u201cEssa ser\u00e1 uma quest\u00e3o muito regional. Portanto, n\u00e3o me surpreenderia se em algumas partes do mundo no pr\u00f3ximo ano a popula\u00e7\u00e3o estiver imunizada. Isso significa que ela ter\u00e1 passado por uma epidemia que pode n\u00e3o parecer t\u00e3o grave por causa de sua estrutura et\u00e1ria. Na \u00c1frica, por exemplo, poderia ser esse o caso. Eu gostaria de ver a popula\u00e7\u00e3o africana protegida por causa de seu perfil et\u00e1rio mais jovem. Em outras partes do mundo, onde a meta \u00e9 evitar a transmiss\u00e3o generalizada do v\u00edrus e esperar pela vacina, podemos contar com o uso de m\u00e1scaras at\u00e9 o fim de 2021. \u00c9 imposs\u00edvel fazer previs\u00f5es precisas, mas no ano que vem ainda estaremos usando m\u00e1scaras\u201d, projetou.<\/p>\n\n\n\n<p>Na avalia\u00e7\u00e3o do especialista, a Alemanha se tornou exemplo no combate ao coronav\u00edrus na Europa por a\u00e7\u00e3o direta da primeira-ministra Angela Merkel.<\/p>\n\n\n\n<p>\u201cCertamente h\u00e1 uma combina\u00e7\u00e3o de v\u00e1rias causas. Uma, sem d\u00favida, \u00e9 a a\u00e7\u00e3o direta e decisiva da chanceler federal Angela Merkel no in\u00edcio da primeira onda. Ultimamente, a coes\u00e3o dos estados federados enfraqueceu um pouco. Mas o fator decisivo foi com certeza o fato de a Alemanha ter agido muito rapidamente. Isso foi crucial. N\u00e3o em termos da data do calend\u00e1rio, mas em rela\u00e7\u00e3o ao momento em que foram impostas as restri\u00e7\u00f5es de contato (\u00e0s vezes chamadas lockdown), considerando a evolu\u00e7\u00e3o real da epidemia. Assim, sab\u00edamos de nossa epidemia com base em testes de laborat\u00f3rio. Eles e sua ampla disponibiliza\u00e7\u00e3o distingue a Alemanha de outros pa\u00edses\u201d, declarou o m\u00e9dico.<\/p>\n\n\n\n<p>\u201cOutra explica\u00e7\u00e3o \u00e9 que a epidemia come\u00e7ou um pouco mais tarde na Alemanha. Os primeiros casos importados de covid-19 n\u00e3o viraram epidemia j\u00e1 em janeiro, mas s\u00f3 no final de fevereiro. Os primeiros casos importados foram mantidos sob controle, em vez de se alastrarem. Esta \u00e9 provavelmente a raz\u00e3o da efici\u00eancia da nossa abordagem. Ap\u00f3s o lockdown, digamos a partir de meados de maio, houve na Alemanha apenas poucos casos, e isso n\u00e3o mudou, apesar de termos agora novamente um ligeiro aumento dos cont\u00e1gios\u201d, completou o virologista.<\/p>\n\n\n\n<p>FONTE: Yahoo Brasil com colaboradores<\/p>\n","protected":false},"excerpt":{"rendered":"<p>A t\u00e3o esperada vacina contra o\u00a0coronav\u00edrus\u00a0n\u00e3o aposentar\u00e1 um item indispens\u00e1vel na pandemia: a m\u00e1scara. Segundo<\/p>\n","protected":false},"author":2,"featured_media":777,"comment_status":"open","ping_status":"open","sticky":false,"template":"","format":"standard","meta":{"footnotes":""},"categories":[13],"tags":[],"class_list":["post-775","post","type-post","status-publish","format-standard","has-post-thumbnail","hentry","category-saude"],"_links":{"self":[{"href":"https:\/\/tvc16.com\/portal\/wp-json\/wp\/v2\/posts\/775","targetHints":{"allow":["GET"]}}],"collection":[{"href":"https:\/\/tvc16.com\/portal\/wp-json\/wp\/v2\/posts"}],"about":[{"href":"https:\/\/tvc16.com\/portal\/wp-json\/wp\/v2\/types\/post"}],"author":[{"embeddable":true,"href":"https:\/\/tvc16.com\/portal\/wp-json\/wp\/v2\/users\/2"}],"replies":[{"embeddable":true,"href":"https:\/\/tvc16.com\/portal\/wp-json\/wp\/v2\/comments?post=775"}],"version-history":[{"count":1,"href":"https:\/\/tvc16.com\/portal\/wp-json\/wp\/v2\/posts\/775\/revisions"}],"predecessor-version":[{"id":778,"href":"https:\/\/tvc16.com\/portal\/wp-json\/wp\/v2\/posts\/775\/revisions\/778"}],"wp:featuredmedia":[{"embeddable":true,"href":"https:\/\/tvc16.com\/portal\/wp-json\/wp\/v2\/media\/777"}],"wp:attachment":[{"href":"https:\/\/tvc16.com\/portal\/wp-json\/wp\/v2\/media?parent=775"}],"wp:term":[{"taxonomy":"category","embeddable":true,"href":"https:\/\/tvc16.com\/portal\/wp-json\/wp\/v2\/categories?post=775"},{"taxonomy":"post_tag","embeddable":true,"href":"https:\/\/tvc16.com\/portal\/wp-json\/wp\/v2\/tags?post=775"}],"curies":[{"name":"wp","href":"https:\/\/api.w.org\/{rel}","templated":true}]}}