{"id":7764,"date":"2020-12-08T12:47:52","date_gmt":"2020-12-08T15:47:52","guid":{"rendered":"https:\/\/tvc16.com\/portal\/?p=7764"},"modified":"2020-12-08T12:47:54","modified_gmt":"2020-12-08T15:47:54","slug":"ministerio-da-saude-investe-cerca-de-r-17-milhoes-para-apoio-ao-aleitamento-materno","status":"publish","type":"post","link":"https:\/\/tvc16.com\/portal\/2020\/12\/08\/ministerio-da-saude-investe-cerca-de-r-17-milhoes-para-apoio-ao-aleitamento-materno\/","title":{"rendered":"Minist\u00e9rio da Sa\u00fade investe cerca de R$ 17 milh\u00f5es para apoio ao aleitamento materno"},"content":{"rendered":"\n<p>No total, 382 munic\u00edpios que j\u00e1 fazem parte da estrat\u00e9gia est\u00e3o sendo contemplados com o incentivo financeiro<\/p>\n\n\n\n<p>O Minist\u00e9rio da Sa\u00fade est\u00e1 investindo cerca de R$ 17 milh\u00f5es para munic\u00edpios ampliarem as estrat\u00e9gias de promo\u00e7\u00e3o e incentivo \u00e0 amamenta\u00e7\u00e3o infantil. Com o intuito de fortalecer as a\u00e7\u00f5es de monitoramento e apoio ao aleitamento materno e \u00e0 alimenta\u00e7\u00e3o saud\u00e1vel das crian\u00e7as menores de dois anos de idade, a medida faz parte da Estrat\u00e9gia Amamenta e Alimenta Brasil.<\/p>\n\n\n\n<p>A iniciativa qualifica o trabalho dos profissionais que atuam nos postos de sa\u00fade e refor\u00e7a a promo\u00e7\u00e3o do aleitamento materno infantil. Os recursos foram estabelecidos pela Portaria n\u00b03.297, publicada no Di\u00e1rio Oficial da Uni\u00e3o (DOU) desta segunda-feira (07).\u00a0<\/p>\n\n\n\n<p>No total, 382 munic\u00edpios que j\u00e1 fazem parte da estrat\u00e9gia est\u00e3o sendo contemplados com o incentivo financeiro. O recurso poder\u00e1 ser utilizado para aumentar o n\u00famero de registros do estado nutricional e das pr\u00e1ticas alimentares, para implementa\u00e7\u00e3o de a\u00e7\u00f5es de orienta\u00e7\u00e3o \u00e0s fam\u00edlias sobre atividades saud\u00e1veis e de controle de doen\u00e7as decorrentes da m\u00e1 alimenta\u00e7\u00e3o e fortalecimento do aleitamento materno.<\/p>\n\n\n\n<p>Os valores ser\u00e3o transferidos para os fundos municipais de forma autom\u00e1tica e em parcela \u00fanica. O Guia Alimentar para crian\u00e7as brasileiras menores de dois anos, elaborado pelo Minist\u00e9rio da Sa\u00fade em 2019, traz recomenda\u00e7\u00f5es e informa\u00e7\u00f5es sobre como alimentar a crian\u00e7a para promover seu crescimento e desenvolvimento saud\u00e1vel. A partir dos seis meses, a orienta\u00e7\u00e3o \u00e9 para que o beb\u00ea continue recebendo leite materno at\u00e9 os dois anos com uma alimenta\u00e7\u00e3o complementar saud\u00e1vel.&nbsp;<\/p>\n\n\n\n<p>Fonte: <a href=\"https:\/\/brasil61.com\/noticias\/ministerio-da-saude-investe-cerca-de-r-17-milhoes-para-apoio-ao-aleitamento-materno-bras202931?email=bethdeoliveira@yahoo.com.br&amp;utm_source=newsletter&amp;utm_medium=newsletter&amp;utm_campaign=newsletter\" target=\"_blank\" rel=\"noreferrer noopener\">Brasil 61<\/a><\/p>\n","protected":false},"excerpt":{"rendered":"<p>No total, 382 munic\u00edpios que j\u00e1 fazem parte da estrat\u00e9gia est\u00e3o sendo contemplados com o<\/p>\n","protected":false},"author":2,"featured_media":7765,"comment_status":"open","ping_status":"open","sticky":false,"template":"","format":"standard","meta":{"footnotes":""},"categories":[13],"tags":[],"class_list":["post-7764","post","type-post","status-publish","format-standard","has-post-thumbnail","hentry","category-saude"],"_links":{"self":[{"href":"https:\/\/tvc16.com\/portal\/wp-json\/wp\/v2\/posts\/7764","targetHints":{"allow":["GET"]}}],"collection":[{"href":"https:\/\/tvc16.com\/portal\/wp-json\/wp\/v2\/posts"}],"about":[{"href":"https:\/\/tvc16.com\/portal\/wp-json\/wp\/v2\/types\/post"}],"author":[{"embeddable":true,"href":"https:\/\/tvc16.com\/portal\/wp-json\/wp\/v2\/users\/2"}],"replies":[{"embeddable":true,"href":"https:\/\/tvc16.com\/portal\/wp-json\/wp\/v2\/comments?post=7764"}],"version-history":[{"count":1,"href":"https:\/\/tvc16.com\/portal\/wp-json\/wp\/v2\/posts\/7764\/revisions"}],"predecessor-version":[{"id":7766,"href":"https:\/\/tvc16.com\/portal\/wp-json\/wp\/v2\/posts\/7764\/revisions\/7766"}],"wp:featuredmedia":[{"embeddable":true,"href":"https:\/\/tvc16.com\/portal\/wp-json\/wp\/v2\/media\/7765"}],"wp:attachment":[{"href":"https:\/\/tvc16.com\/portal\/wp-json\/wp\/v2\/media?parent=7764"}],"wp:term":[{"taxonomy":"category","embeddable":true,"href":"https:\/\/tvc16.com\/portal\/wp-json\/wp\/v2\/categories?post=7764"},{"taxonomy":"post_tag","embeddable":true,"href":"https:\/\/tvc16.com\/portal\/wp-json\/wp\/v2\/tags?post=7764"}],"curies":[{"name":"wp","href":"https:\/\/api.w.org\/{rel}","templated":true}]}}