{"id":7767,"date":"2020-12-08T12:49:29","date_gmt":"2020-12-08T15:49:29","guid":{"rendered":"https:\/\/tvc16.com\/portal\/?p=7767"},"modified":"2020-12-08T12:49:31","modified_gmt":"2020-12-08T15:49:31","slug":"brasil-tera-vacina-contra-covid-19-de-graca-e-nao-obrigatoria-diz-bolsonaro","status":"publish","type":"post","link":"https:\/\/tvc16.com\/portal\/2020\/12\/08\/brasil-tera-vacina-contra-covid-19-de-graca-e-nao-obrigatoria-diz-bolsonaro\/","title":{"rendered":"Brasil ter\u00e1 vacina contra Covid-19 de gra\u00e7a e n\u00e3o obrigat\u00f3ria, diz Bolsonaro"},"content":{"rendered":"\n<p>O presidente da Rep\u00fablica, Jair Bolsonaro, afirmou que o governo federal vai oferecer vacina contra a covid-19 para toda a popula\u00e7\u00e3o por meio do Sistema \u00danico de Sa\u00fade (SUS) e n\u00e3o ser\u00e1 uma vacina obrigat\u00f3ria. Nas palavras do presidente &#8220;Havendo certifica\u00e7\u00e3o da Anvisa [Ag\u00eancia Nacional de Vigil\u00e2ncia Sanit\u00e1ria] com orienta\u00e7\u00f5es cient\u00edficas e preceitos legais, o governo vai oferecer a vacina a todos, gratuita e n\u00e3o obrigat\u00f3ria&#8221;, escreveu na sua conta do Twitter nessa segunda-feira (07).<\/p>\n\n\n\n<p>Segundo Bolsonaro, \u201cn\u00e3o faltar\u00e3o recursos para que todos sejam atendidos&#8221;, disse durante reuni\u00e3o no Pal\u00e1cio do Planalto com o ministro da Economia, Paulo Guedes. O Minist\u00e9rio da Sa\u00fade tem acordo para a compra de doses produzidas pela farmac\u00eautica brit\u00e2nica AstraZeneca em parceria com a Universidade de Oxford, incluindo um pacto de transfer\u00eancia de tecnologia e produ\u00e7\u00e3o local da vacina pela Funda\u00e7\u00e3o Oswaldo Cruz (Fiocruz).<\/p>\n\n\n\n<p>Al\u00e9m disso, o governo federal mant\u00e9m contato com outros laborat\u00f3rios estrangeiros que desenvolvem doses contra a covid-19 e que, se aprovadas, tamb\u00e9m poder\u00e3o ser adquiridas para imunizar a popula\u00e7\u00e3o.<\/p>\n\n\n\n<p>Fonte: <a href=\"https:\/\/brasil61.com\/noticias\/brasil-tera-vacina-contra-covid-19-de-graca-e-nao-obrigatoria-diz-bolsonaro-bras202941?email=bethdeoliveira@yahoo.com.br&amp;utm_source=newsletter&amp;utm_medium=newsletter&amp;utm_campaign=newsletter\" target=\"_blank\" rel=\"noreferrer noopener\">Brasil 61<\/a><\/p>\n","protected":false},"excerpt":{"rendered":"<p>O presidente da Rep\u00fablica, Jair Bolsonaro, afirmou que o governo federal vai oferecer vacina contra<\/p>\n","protected":false},"author":2,"featured_media":7768,"comment_status":"open","ping_status":"open","sticky":false,"template":"","format":"standard","meta":{"footnotes":""},"categories":[14],"tags":[],"class_list":["post-7767","post","type-post","status-publish","format-standard","has-post-thumbnail","hentry","category-pais"],"_links":{"self":[{"href":"https:\/\/tvc16.com\/portal\/wp-json\/wp\/v2\/posts\/7767","targetHints":{"allow":["GET"]}}],"collection":[{"href":"https:\/\/tvc16.com\/portal\/wp-json\/wp\/v2\/posts"}],"about":[{"href":"https:\/\/tvc16.com\/portal\/wp-json\/wp\/v2\/types\/post"}],"author":[{"embeddable":true,"href":"https:\/\/tvc16.com\/portal\/wp-json\/wp\/v2\/users\/2"}],"replies":[{"embeddable":true,"href":"https:\/\/tvc16.com\/portal\/wp-json\/wp\/v2\/comments?post=7767"}],"version-history":[{"count":1,"href":"https:\/\/tvc16.com\/portal\/wp-json\/wp\/v2\/posts\/7767\/revisions"}],"predecessor-version":[{"id":7769,"href":"https:\/\/tvc16.com\/portal\/wp-json\/wp\/v2\/posts\/7767\/revisions\/7769"}],"wp:featuredmedia":[{"embeddable":true,"href":"https:\/\/tvc16.com\/portal\/wp-json\/wp\/v2\/media\/7768"}],"wp:attachment":[{"href":"https:\/\/tvc16.com\/portal\/wp-json\/wp\/v2\/media?parent=7767"}],"wp:term":[{"taxonomy":"category","embeddable":true,"href":"https:\/\/tvc16.com\/portal\/wp-json\/wp\/v2\/categories?post=7767"},{"taxonomy":"post_tag","embeddable":true,"href":"https:\/\/tvc16.com\/portal\/wp-json\/wp\/v2\/tags?post=7767"}],"curies":[{"name":"wp","href":"https:\/\/api.w.org\/{rel}","templated":true}]}}