{"id":7774,"date":"2020-12-08T13:01:15","date_gmt":"2020-12-08T16:01:15","guid":{"rendered":"https:\/\/tvc16.com\/portal\/?p=7774"},"modified":"2020-12-08T13:01:19","modified_gmt":"2020-12-08T16:01:19","slug":"alivio-na-europa","status":"publish","type":"post","link":"https:\/\/tvc16.com\/portal\/2020\/12\/08\/alivio-na-europa\/","title":{"rendered":"AL\u00cdVIO NA EUROPA"},"content":{"rendered":"\n<p>Ap\u00f3s diversos governos da Europa implementarem medidas de restri\u00e7\u00e3o de movimento, o continente\u00a0<strong><a rel=\"noreferrer noopener\" target=\"_blank\" href=\"http:\/\/click.emailabril.com.br\/?qs=7f44159fd50f70f6a420a0f66ed4428ee0f4325d79265488c0d1b7a511e29fd3bfb7cf207c85cf8b62fd343ef728f40b74cdd1fee868e4ac\">apresentou\u00a0queda<\/a><\/strong>\u00a0no n\u00famero de infec\u00e7\u00f5es registradas desde novembro. Segundo dados do site cient\u00edfico\u00a0<em>Our World In Data\u00a0<\/em>, a m\u00e9dia semanal de casos na Europa caiu em quase um ter\u00e7o entre a primeira semana de novembro e a \u00faltima, passando de quase 300.000 novas contamina\u00e7\u00f5es di\u00e1rias para uma m\u00e9dia de 195.500. De acordo com informa\u00e7\u00f5es do\u00a0<em>New York Times<\/em>, o Reino Unido, a Fran\u00e7a e a It\u00e1lia est\u00e3o entre os pa\u00edses europeus que mant\u00eam em queda o n\u00famero de novos casos at\u00e9 esta semana.<\/p>\n","protected":false},"excerpt":{"rendered":"<p>Ap\u00f3s diversos governos da Europa implementarem medidas de restri\u00e7\u00e3o de movimento, o continente\u00a0apresentou\u00a0queda\u00a0no n\u00famero de<\/p>\n","protected":false},"author":2,"featured_media":7775,"comment_status":"open","ping_status":"open","sticky":false,"template":"","format":"standard","meta":{"footnotes":""},"categories":[22],"tags":[],"class_list":["post-7774","post","type-post","status-publish","format-standard","has-post-thumbnail","hentry","category-internacional"],"_links":{"self":[{"href":"https:\/\/tvc16.com\/portal\/wp-json\/wp\/v2\/posts\/7774","targetHints":{"allow":["GET"]}}],"collection":[{"href":"https:\/\/tvc16.com\/portal\/wp-json\/wp\/v2\/posts"}],"about":[{"href":"https:\/\/tvc16.com\/portal\/wp-json\/wp\/v2\/types\/post"}],"author":[{"embeddable":true,"href":"https:\/\/tvc16.com\/portal\/wp-json\/wp\/v2\/users\/2"}],"replies":[{"embeddable":true,"href":"https:\/\/tvc16.com\/portal\/wp-json\/wp\/v2\/comments?post=7774"}],"version-history":[{"count":1,"href":"https:\/\/tvc16.com\/portal\/wp-json\/wp\/v2\/posts\/7774\/revisions"}],"predecessor-version":[{"id":7776,"href":"https:\/\/tvc16.com\/portal\/wp-json\/wp\/v2\/posts\/7774\/revisions\/7776"}],"wp:featuredmedia":[{"embeddable":true,"href":"https:\/\/tvc16.com\/portal\/wp-json\/wp\/v2\/media\/7775"}],"wp:attachment":[{"href":"https:\/\/tvc16.com\/portal\/wp-json\/wp\/v2\/media?parent=7774"}],"wp:term":[{"taxonomy":"category","embeddable":true,"href":"https:\/\/tvc16.com\/portal\/wp-json\/wp\/v2\/categories?post=7774"},{"taxonomy":"post_tag","embeddable":true,"href":"https:\/\/tvc16.com\/portal\/wp-json\/wp\/v2\/tags?post=7774"}],"curies":[{"name":"wp","href":"https:\/\/api.w.org\/{rel}","templated":true}]}}