{"id":7795,"date":"2020-12-08T18:43:56","date_gmt":"2020-12-08T21:43:56","guid":{"rendered":"https:\/\/tvc16.com\/portal\/?p=7795"},"modified":"2020-12-08T18:43:59","modified_gmt":"2020-12-08T21:43:59","slug":"professor-leandro-azevedo-aprova-retomada-do-programa-tribuna-livre-na-camara-municipal","status":"publish","type":"post","link":"https:\/\/tvc16.com\/portal\/2020\/12\/08\/professor-leandro-azevedo-aprova-retomada-do-programa-tribuna-livre-na-camara-municipal\/","title":{"rendered":"Professor Leandro Azevedo aprova retomada do Programa Tribuna Livre na C\u00e2mara Municipal"},"content":{"rendered":"\n<p><\/p>\n\n\n\n<p>O projeto de resolu\u00e7\u00e3o para a retomada do programa Tribuna Livre na C\u00e2mara Municipal de Petr\u00f3polis foi aprovado na sess\u00e3o desta ter\u00e7a-feira (08). Votado em regime de urg\u00eancia, a proposta permitindo que a popula\u00e7\u00e3o possa ser ouvida pela plen\u00e1ria, \u00e9 de autoria do vereador professor Leandro Azevedo (PSD).<\/p>\n\n\n\n<p>\u201cMinha inten\u00e7\u00e3o \u00e9 garantir que a popula\u00e7\u00e3o tenha voz na C\u00e2mara e que possa se expressar plenamente, ou seja, um espa\u00e7o aberto para o exerc\u00edcio da cidadania. Desde que assumi o mandato, sinto falta dessa participa\u00e7\u00e3o mais ativa do povo e \u00e9 isso que queremos resgatar\u201d, destaca Leandro Azevedo.<\/p>\n\n\n\n<p>Segundo o projeto de resolu\u00e7\u00e3o que foi apresentado pelo vereador em julho de 2019, uma vez por m\u00eas, os petropolitanos poder\u00e3o utilizar a tribuna da C\u00e2mara para se manifestar e expressar os seus anseios em rela\u00e7\u00e3o aos Poderes Legislativo e Executivo. At\u00e9 tr\u00eas pessoas poder\u00e3o se inscrever e ter\u00e3o o direito de cinco minutos de fala.<\/p>\n\n\n\n<p>Os interessados precisam ser eleitores do munic\u00edpio e, no caso de associa\u00e7\u00f5es de moradores ou entidades, precisam estar legalmente constitu\u00eddas e sindicatos e associa\u00e7\u00f5es profissionais precisam ter sede na cidade. Como justificativa da cria\u00e7\u00e3o do projeto, Leandro Azevedo explicou a import\u00e2ncia da participa\u00e7\u00e3o dos cidad\u00e3os e organiza\u00e7\u00f5es para o exerc\u00edcio da democracia e \u201cseu constante processo de aperfei\u00e7oamento\u201d.<\/p>\n\n\n\n<p>\u201cQueremos que seja aberto mais um espa\u00e7o de participa\u00e7\u00e3o popular ao povo petropolitano, onde as pessoas e institui\u00e7\u00f5es poder\u00e3o apresentar seus pontos de vista, defender id\u00e9ias e projetos, realizar den\u00fancias em prol da nossa cidade\u201d, frisa o vereador professor Leandro Azevedo.<\/p>\n\n\n\n<ul class=\"wp-block-list\"><li><\/li><\/ul>\n","protected":false},"excerpt":{"rendered":"<p>O projeto de resolu\u00e7\u00e3o para a retomada do programa Tribuna Livre na C\u00e2mara Municipal de<\/p>\n","protected":false},"author":2,"featured_media":7796,"comment_status":"open","ping_status":"open","sticky":false,"template":"","format":"standard","meta":{"footnotes":""},"categories":[12],"tags":[],"class_list":["post-7795","post","type-post","status-publish","format-standard","has-post-thumbnail","hentry","category-cidade"],"_links":{"self":[{"href":"https:\/\/tvc16.com\/portal\/wp-json\/wp\/v2\/posts\/7795","targetHints":{"allow":["GET"]}}],"collection":[{"href":"https:\/\/tvc16.com\/portal\/wp-json\/wp\/v2\/posts"}],"about":[{"href":"https:\/\/tvc16.com\/portal\/wp-json\/wp\/v2\/types\/post"}],"author":[{"embeddable":true,"href":"https:\/\/tvc16.com\/portal\/wp-json\/wp\/v2\/users\/2"}],"replies":[{"embeddable":true,"href":"https:\/\/tvc16.com\/portal\/wp-json\/wp\/v2\/comments?post=7795"}],"version-history":[{"count":1,"href":"https:\/\/tvc16.com\/portal\/wp-json\/wp\/v2\/posts\/7795\/revisions"}],"predecessor-version":[{"id":7797,"href":"https:\/\/tvc16.com\/portal\/wp-json\/wp\/v2\/posts\/7795\/revisions\/7797"}],"wp:featuredmedia":[{"embeddable":true,"href":"https:\/\/tvc16.com\/portal\/wp-json\/wp\/v2\/media\/7796"}],"wp:attachment":[{"href":"https:\/\/tvc16.com\/portal\/wp-json\/wp\/v2\/media?parent=7795"}],"wp:term":[{"taxonomy":"category","embeddable":true,"href":"https:\/\/tvc16.com\/portal\/wp-json\/wp\/v2\/categories?post=7795"},{"taxonomy":"post_tag","embeddable":true,"href":"https:\/\/tvc16.com\/portal\/wp-json\/wp\/v2\/tags?post=7795"}],"curies":[{"name":"wp","href":"https:\/\/api.w.org\/{rel}","templated":true}]}}