{"id":7802,"date":"2020-12-09T09:41:14","date_gmt":"2020-12-09T12:41:14","guid":{"rendered":"https:\/\/tvc16.com\/portal\/?p=7802"},"modified":"2020-12-09T09:41:17","modified_gmt":"2020-12-09T12:41:17","slug":"uniao-e-industria-no-trecho-da-posse-continua-em-obra-a-previsao-de-termino-e-para-agosto-de-2021","status":"publish","type":"post","link":"https:\/\/tvc16.com\/portal\/2020\/12\/09\/uniao-e-industria-no-trecho-da-posse-continua-em-obra-a-previsao-de-termino-e-para-agosto-de-2021\/","title":{"rendered":"Uni\u00e3o e Ind\u00fastria no trecho da Posse continua em obra. A previs\u00e3o de t\u00e9rmino \u00e9 para agosto de 2021"},"content":{"rendered":"\n<p>As obras de melhorias no trecho da Posse da Estrada Uni\u00e3o e Ind\u00fastria continuam. A regi\u00e3o est\u00e1 recebendo uma interven\u00e7\u00e3o do DER &#8211; Departamento de Estradas de Rodagem, que seguir\u00e1 at\u00e9 Pedro do Rio. S\u00e3o 14,4 quil\u00f4metros que v\u00e3o receber servi\u00e7os como drenagem, pavimenta\u00e7\u00e3o e sinaliza\u00e7\u00e3o vertical e horizontal. O trabalho foi poss\u00edvel gra\u00e7as \u00e0 articula\u00e7\u00e3o do prefeito Bernardo Rossi com o governo do estado.\u00a0O valor do investimento \u00e9 de R$ 21.780.882,09 e a obra tem previs\u00e3o de t\u00e9rmino em oito meses.<\/p>\n\n\n\n<p>&nbsp;&nbsp;&nbsp;&nbsp;&nbsp;&nbsp;&nbsp;&nbsp;&nbsp;&nbsp;&nbsp; \u201c\u00c9 uma conquista para a cidade. Uma obra importante que vai melhorar a trafegabilidade na regi\u00e3o e beneficiar centenas de moradores. \u00c9 tamb\u00e9m uma via importante para o setor agr\u00edcola, para escoamento da produ\u00e7\u00e3o\u201d, frisa o prefeito Bernardo Rossi.<\/p>\n\n\n\n<p>Esta semana, a obra est\u00e1 concentrada no trecho que fica em frente ao mercado Bramil. A pista est\u00e1 com o sistema pare e siga. O DER trabalha no manilhamento da vida e as pr\u00f3ximas etapas ser\u00e3o meio fio e asfaltamento de todo o trecho.<\/p>\n\n\n\n<figure class=\"wp-block-image size-large\"><img loading=\"lazy\" decoding=\"async\" width=\"1024\" height=\"690\" src=\"https:\/\/tvc16.com\/portal\/wp-content\/uploads\/2020\/12\/Obra-Posse-2-1024x690.jpeg\" alt=\"\" class=\"wp-image-7804\" srcset=\"https:\/\/tvc16.com\/portal\/wp-content\/uploads\/2020\/12\/Obra-Posse-2-1024x690.jpeg 1024w, https:\/\/tvc16.com\/portal\/wp-content\/uploads\/2020\/12\/Obra-Posse-2-300x202.jpeg 300w, https:\/\/tvc16.com\/portal\/wp-content\/uploads\/2020\/12\/Obra-Posse-2-768x518.jpeg 768w, https:\/\/tvc16.com\/portal\/wp-content\/uploads\/2020\/12\/Obra-Posse-2.jpeg 1280w\" sizes=\"auto, (max-width: 1024px) 100vw, 1024px\" \/><\/figure>\n\n\n\n<p>As obras come\u00e7aram no dia 25 de novembro. As interven\u00e7\u00f5es v\u00e3o complementar as obras que j\u00e1 v\u00eam sendo feitas na Estrada Uni\u00e3o e Ind\u00fastria, entre a Avenida Bar\u00e3o do Rio Branco e Pedro do Rio e que tamb\u00e9m foram poss\u00edveis gra\u00e7as ao empenho do governo municipal junto ao Dnit &#8211;&nbsp;Departamento Nacional de Infraestrutura de Transportes. Um investimento de R$ 40 milh\u00f5es, no trecho de 25 quil\u00f4metros. Esse grande projeto contempla, al\u00e9m da troca total do asfalto, tamb\u00e9m obras de drenagem, de conten\u00e7\u00e3o, sinaliza\u00e7\u00e3o, entre outras.<\/p>\n","protected":false},"excerpt":{"rendered":"<p>As obras de melhorias no trecho da Posse da Estrada Uni\u00e3o e Ind\u00fastria continuam. A<\/p>\n","protected":false},"author":2,"featured_media":7803,"comment_status":"open","ping_status":"open","sticky":false,"template":"","format":"standard","meta":{"footnotes":""},"categories":[12],"tags":[],"class_list":["post-7802","post","type-post","status-publish","format-standard","has-post-thumbnail","hentry","category-cidade"],"_links":{"self":[{"href":"https:\/\/tvc16.com\/portal\/wp-json\/wp\/v2\/posts\/7802","targetHints":{"allow":["GET"]}}],"collection":[{"href":"https:\/\/tvc16.com\/portal\/wp-json\/wp\/v2\/posts"}],"about":[{"href":"https:\/\/tvc16.com\/portal\/wp-json\/wp\/v2\/types\/post"}],"author":[{"embeddable":true,"href":"https:\/\/tvc16.com\/portal\/wp-json\/wp\/v2\/users\/2"}],"replies":[{"embeddable":true,"href":"https:\/\/tvc16.com\/portal\/wp-json\/wp\/v2\/comments?post=7802"}],"version-history":[{"count":1,"href":"https:\/\/tvc16.com\/portal\/wp-json\/wp\/v2\/posts\/7802\/revisions"}],"predecessor-version":[{"id":7805,"href":"https:\/\/tvc16.com\/portal\/wp-json\/wp\/v2\/posts\/7802\/revisions\/7805"}],"wp:featuredmedia":[{"embeddable":true,"href":"https:\/\/tvc16.com\/portal\/wp-json\/wp\/v2\/media\/7803"}],"wp:attachment":[{"href":"https:\/\/tvc16.com\/portal\/wp-json\/wp\/v2\/media?parent=7802"}],"wp:term":[{"taxonomy":"category","embeddable":true,"href":"https:\/\/tvc16.com\/portal\/wp-json\/wp\/v2\/categories?post=7802"},{"taxonomy":"post_tag","embeddable":true,"href":"https:\/\/tvc16.com\/portal\/wp-json\/wp\/v2\/tags?post=7802"}],"curies":[{"name":"wp","href":"https:\/\/api.w.org\/{rel}","templated":true}]}}