{"id":7806,"date":"2020-12-09T09:48:14","date_gmt":"2020-12-09T12:48:14","guid":{"rendered":"https:\/\/tvc16.com\/portal\/?p=7806"},"modified":"2020-12-09T09:48:16","modified_gmt":"2020-12-09T12:48:16","slug":"governo-diz-que-vai-ajudar-municipios-na-vacinacao-contra-covid-19","status":"publish","type":"post","link":"https:\/\/tvc16.com\/portal\/2020\/12\/09\/governo-diz-que-vai-ajudar-municipios-na-vacinacao-contra-covid-19\/","title":{"rendered":"Governo diz que vai ajudar munic\u00edpios na vacina\u00e7\u00e3o contra Covid-19"},"content":{"rendered":"\n<h2 class=\"wp-block-heading\">Ministro da Sa\u00fade refor\u00e7ou compromisso de aquisi\u00e7\u00e3o das vacinas e insumos necess\u00e1rios. Programa Nacional de Imuniza\u00e7\u00f5es (PNI) vai se manter \u00e0 frente da vacina\u00e7\u00e3o do Pa\u00eds<\/h2>\n\n\n\n<p>No final da manh\u00e3 desta ter\u00e7a-feira (08), o Minist\u00e9rio da Sa\u00fade realizou uma reuni\u00e3o entre o ministro Eduardo Pazuello com governadores de todo o Pa\u00eds para um balan\u00e7o sobre o enfrentamento da Covid-19. Apesar de parte dos gestores terem participado presencialmente, a conversa foi realizada de modo virtual, como tem sido nesses tempos de pandemia, e em um cen\u00e1rio diferente: o Pal\u00e1cio do Planalto.<br><br>Isso demonstra a import\u00e2ncia do assunto debatido ali e que pode se refletir em <strong><a href=\"https:\/\/www.gov.br\/saude\/pt-br\/assuntos\/noticias\/ministerio-da-saude-cria-comite-para-acompanhar-acoes-da-vacina-de-fiocruz-astrazeneca\">estrat\u00e9gias para a vacina\u00e7\u00e3o<\/a><\/strong> da popula\u00e7\u00e3o brasileira contra o novo coronav\u00edrus. Durante o encontro, o ministro Pazuello refor\u00e7ou o compromisso de aquisi\u00e7\u00e3o das vacinas que estiverem prontas, com o aval da Ag\u00eancia Nacional de Vigil\u00e2ncia Sanit\u00e1ria (Anvisa), e afirmou que o Programa Nacional de Imuniza\u00e7\u00f5es (PNI) vai se manter \u00e0 frente da vacina\u00e7\u00e3o do Pa\u00eds.<br><br>Em uma <strong><a href=\"https:\/\/brasil61.com\/noticias\/covid-19-vacina-precisara-de-cuidados-durante-envio-a-estados-e-municipios-bras202647\">reportagem exclusiva do portal Brasil61.com<\/a><\/strong>, abordamos a necessidade de cuidado com o transporte e distribui\u00e7\u00e3o das vacinas entre estados e munic\u00edpios. Isso porque o imunizante precisa ser conservado na temperatura certa para n\u00e3o estragar, fator de grande impacto no planejamento de distribui\u00e7\u00e3o.<br>Mas outro detalhe \u00e9 preciso ser levado em considera\u00e7\u00e3o na hora de se falar em estrat\u00e9gia de vacina\u00e7\u00e3o de larga escala como \u00e9 o que ocorre no Brasil. Os insumos, ou seja, os materiais para aplicar a vacina precisam ser definidos tanto pela diferen\u00e7a entre modelos e marcas quanto sua influ\u00eancia no pre\u00e7o final da compra, uma vez que o material tem varia\u00e7\u00f5es de mercado.<\/p>\n\n\n\n<p><img decoding=\"async\" alt=\"\" src=\"\/\/s3-sa-east-1.amazonaws.com\/agencia-radio-arb\/3301\/content_programa-imunizacoes.png\"><br><br>Sobre esse assunto, o Minist\u00e9rio da Sa\u00fade afirma possuir em tramita\u00e7\u00e3o dois processos de compra de 370 milh\u00f5es de insumos (seringas e agulhas) e que no come\u00e7o do m\u00eas de dezembro foi publicada a Inten\u00e7\u00e3o de Registro de Pre\u00e7o (IRP) para aquisi\u00e7\u00e3o de 330 milh\u00f5es de seringas e agulhas pelo \u00f3rg\u00e3o. Estados e munic\u00edpios poder\u00e3o aderir como coparticipantes dessa compra.<br><br>Al\u00e9m disso, o Minist\u00e9rio da Sa\u00fade, por interm\u00e9dio de organismo internacional, est\u00e1 com inten\u00e7\u00e3o de comprar mais 40 milh\u00f5es de insumos, como afirmou o secret\u00e1rio executivo do Minist\u00e9rio da Sa\u00fade, Elcio Franco. \u201cO Minist\u00e9rio da Sa\u00fade j\u00e1 editou uma inten\u00e7\u00e3o de registro de pre\u00e7os para 330 milh\u00f5es de seringas e agulhas, no dia 2 de dezembro, e tamb\u00e9m j\u00e1 iniciou os procedimentos para aquisi\u00e7\u00e3o de mais 40 milh\u00f5es de seringas e agulhas junto a organismos internacionais para que n\u00f3s possamos, junto com a vacina, disponibilizar os insumos necess\u00e1rios para a imuniza\u00e7\u00e3o da popula\u00e7\u00e3o brasileira\u201d, detalhou.<br><br>Outro investimento do Governo Federal, j\u00e1 neste m\u00eas, foi o de mais de <strong><a href=\"https:\/\/www.gov.br\/saude\/pt-br\/assuntos\/noticias\/saude-libera-r-59-4-milhoes-para-fortalecer-a-estrutura-do-pni\">R$ 59 milh\u00f5es para fortalecer o PNI<\/a><\/strong> do Sistema \u00danico de Sa\u00fade (SUS) para o enfrentamento \u00e0 Covid-19. Os recursos t\u00eam como destino o refor\u00e7o na qualidade da estrutura da Rede de Frio \u2013 que comp\u00f5e o processo de armazenamento, conserva\u00e7\u00e3o, manipula\u00e7\u00e3o, distribui\u00e7\u00e3o e transporte de vacinas do PNI \u2013 entre outras estrat\u00e9gias menores como a Vigil\u00e2ncia Sentinela de S\u00edndrome Gripal. O montante foi institu\u00eddo em car\u00e1ter excepcional e tempor\u00e1rio, por meio da <strong><a href=\"http:\/\/www.in.gov.br\/en\/web\/dou\/-\/portaria-n-3.248-de-2-de-dezembro-de-2020-292425698\">Portaria n\u00ba 3.248<\/a><\/strong>, publicada, nessa segunda-feira (7), no Di\u00e1rio Oficial da Uni\u00e3o (DOU).<\/p>\n\n\n\n<p><strong><a href=\"https:\/\/brasil61.com\/noticias\/covid-19-vacina-precisara-de-cuidados-durante-envio-a-estados-e-municipios-bras202647\">Covid-19: Vacina precisar\u00e1 de cuidados durante envio a Estados e Munic\u00edpios<\/a><\/strong><\/p>\n\n\n\n<p><a href=\"https:\/\/brasil61.com\/noticias\/brasil-tera-vacina-contra-covid-19-de-graca-e-nao-obrigatoria-diz-bolsonaro-bras202941\"><strong>Brasil ter\u00e1 vacina contra Covid-19 de gra\u00e7a e n\u00e3o obrigat\u00f3ria, diz Bolsonaro<\/strong><\/a><br><br>Apesar disso, a <strong><a href=\"https:\/\/www.fecam.org.br\/noticias\/index\/ver\/codMapaItem\/74947\/codNoticia\/641160\">Federa\u00e7\u00e3o Catarinense de Munic\u00edpios (FECAM)<\/a><\/strong> n\u00e3o mostrou confian\u00e7a nas estrat\u00e9gias adotadas pelo Minist\u00e9rio da Sa\u00fade e, em uma tentativa de ajudar gestores municipais na compra a organiza\u00e7\u00e3o da vacina\u00e7\u00e3o, vai assinar um protocolo de inten\u00e7\u00f5es com o Instituto Butantan nesta quinta-feira (10), para formalizar o interesse dos munic\u00edpios catarinenses em adquirir a vacina Coronavac, do laborat\u00f3rio Sinovac, assim que for aprovada pela Anvisa. \u00c9 o que comenta o diretor executivo da FECAM, Dionei Walter da Silva.<br><br>\u201cA FECAM observa que o Minist\u00e9rio da Sa\u00fade e o Governo Federal, que s\u00e3o os respons\u00e1veis legais pela imuniza\u00e7\u00e3o, seguem sem um plano nacional. A gente ouve falar em compra de seringas mas n\u00e3o sabe que tipo de vacina vai ser e nem que tipo de seringa ser\u00e1 utilizada. A FECAM, com intuito de ajudar e, por uma provoca\u00e7\u00e3o feita por alguns prefeitos, a partir da assinatura de um protocolo de inten\u00e7\u00f5es os munic\u00edpios estar\u00e3o possibilitados a comprar a vacina no Instituto Butantan. Deixando claro, s\u00f3 ap\u00f3s a aprova\u00e7\u00e3o da Anvisa\u201d, argumentou Silva.<\/p>\n\n\n\n<p>Fonte: <a href=\"https:\/\/brasil61.com\/noticias\/governo-diz-que-vai-ajudar-municipios-na-vacinacao-contra-covid-19-bras202944?email=bethdeoliveira@yahoo.com.br&amp;utm_source=newsletter&amp;utm_medium=newsletter&amp;utm_campaign=newsletter\" target=\"_blank\" rel=\"noreferrer noopener\">Brasil 61<\/a><\/p>\n","protected":false},"excerpt":{"rendered":"<p>Ministro da Sa\u00fade refor\u00e7ou compromisso de aquisi\u00e7\u00e3o das vacinas e insumos necess\u00e1rios. Programa Nacional de<\/p>\n","protected":false},"author":2,"featured_media":7807,"comment_status":"open","ping_status":"open","sticky":false,"template":"","format":"standard","meta":{"footnotes":""},"categories":[14],"tags":[],"class_list":["post-7806","post","type-post","status-publish","format-standard","has-post-thumbnail","hentry","category-pais"],"_links":{"self":[{"href":"https:\/\/tvc16.com\/portal\/wp-json\/wp\/v2\/posts\/7806","targetHints":{"allow":["GET"]}}],"collection":[{"href":"https:\/\/tvc16.com\/portal\/wp-json\/wp\/v2\/posts"}],"about":[{"href":"https:\/\/tvc16.com\/portal\/wp-json\/wp\/v2\/types\/post"}],"author":[{"embeddable":true,"href":"https:\/\/tvc16.com\/portal\/wp-json\/wp\/v2\/users\/2"}],"replies":[{"embeddable":true,"href":"https:\/\/tvc16.com\/portal\/wp-json\/wp\/v2\/comments?post=7806"}],"version-history":[{"count":1,"href":"https:\/\/tvc16.com\/portal\/wp-json\/wp\/v2\/posts\/7806\/revisions"}],"predecessor-version":[{"id":7808,"href":"https:\/\/tvc16.com\/portal\/wp-json\/wp\/v2\/posts\/7806\/revisions\/7808"}],"wp:featuredmedia":[{"embeddable":true,"href":"https:\/\/tvc16.com\/portal\/wp-json\/wp\/v2\/media\/7807"}],"wp:attachment":[{"href":"https:\/\/tvc16.com\/portal\/wp-json\/wp\/v2\/media?parent=7806"}],"wp:term":[{"taxonomy":"category","embeddable":true,"href":"https:\/\/tvc16.com\/portal\/wp-json\/wp\/v2\/categories?post=7806"},{"taxonomy":"post_tag","embeddable":true,"href":"https:\/\/tvc16.com\/portal\/wp-json\/wp\/v2\/tags?post=7806"}],"curies":[{"name":"wp","href":"https:\/\/api.w.org\/{rel}","templated":true}]}}