{"id":7809,"date":"2020-12-09T10:59:17","date_gmt":"2020-12-09T13:59:17","guid":{"rendered":"https:\/\/tvc16.com\/portal\/?p=7809"},"modified":"2020-12-09T10:59:20","modified_gmt":"2020-12-09T13:59:20","slug":"sicomercio-orienta-lojistas-sobre-reforco-na-aplicacao-das-medidas-de-biosseguranca-nos-estabelecimentos","status":"publish","type":"post","link":"https:\/\/tvc16.com\/portal\/2020\/12\/09\/sicomercio-orienta-lojistas-sobre-reforco-na-aplicacao-das-medidas-de-biosseguranca-nos-estabelecimentos\/","title":{"rendered":"Sicom\u00e9rcio orienta lojistas sobre refor\u00e7o na aplica\u00e7\u00e3o das medidas de biosseguran\u00e7a nos estabelecimentos"},"content":{"rendered":"\n<p><\/p>\n\n\n\n<p><strong>Objetivo \u00e9 colaborar com as a\u00e7\u00f5es de combate \u00e0 dissemina\u00e7\u00e3odo novo coronav\u00edrus na Cidade<\/strong><\/p>\n\n\n\n<p>O Sindicato do Com\u00e9rcio Varejista de Petr\u00f3polis (Sicom\u00e9rcio) come\u00e7ou uma campanha interna com os empres\u00e1rios dos setores de bens e servi\u00e7os da cidade para que todos reforcem os protocolos de biosseguran\u00e7a nos estabelecimentos comerciais do munic\u00edpio.<\/p>\n\n\n\n<p>Os n\u00fameros da covid-19 tem subido em Petr\u00f3polis e para que n\u00e3o haja retrocesso nas flexibiliza\u00e7\u00f5es do setor alcan\u00e7adas at\u00e9 o momento, \u00e9 necess\u00e1rio que todos corroborem com os cuidados para interromper a dissemina\u00e7\u00e3o do v\u00edrus.<\/p>\n\n\n\n<figure class=\"wp-block-image size-large is-resized\"><img loading=\"lazy\" decoding=\"async\" src=\"https:\/\/tvc16.com\/portal\/wp-content\/uploads\/2020\/12\/Totem-alcool-em-gel-Papelaria-Semadri-Divulgacao-500x1024.jpg\" alt=\"\" class=\"wp-image-7810\" width=\"392\" height=\"803\" srcset=\"https:\/\/tvc16.com\/portal\/wp-content\/uploads\/2020\/12\/Totem-alcool-em-gel-Papelaria-Semadri-Divulgacao-500x1024.jpg 500w, https:\/\/tvc16.com\/portal\/wp-content\/uploads\/2020\/12\/Totem-alcool-em-gel-Papelaria-Semadri-Divulgacao-146x300.jpg 146w, https:\/\/tvc16.com\/portal\/wp-content\/uploads\/2020\/12\/Totem-alcool-em-gel-Papelaria-Semadri-Divulgacao.jpg 625w\" sizes=\"auto, (max-width: 392px) 100vw, 392px\" \/><\/figure>\n\n\n\n<p>\u201cO Sicom\u00e9rcio acompanha atentamente os boletins divulgados pela prefeitura para nortear as a\u00e7\u00f5es para o com\u00e9rcio na cidade. Os n\u00fameros tem aumentado, mas a popula\u00e7\u00e3o precisa entender que o com\u00e9rcio n\u00e3o \u00e9 o respons\u00e1vel pelas aglomera\u00e7\u00f5es que tem causado esse disparo nos casos. A responsabilidade pelo coletivo \u00e9 de todos e por isso estamos cobrando dos lojistas que os protocolos estipulados pelos \u00f3rg\u00e3os de sa\u00fade sejam seguidos criteriosamente. Assim diminu\u00edmos a margem para responsabiliza\u00e7\u00e3o do com\u00e9rcio pelo aumento dos casos\u201d, explica Marcelo Fiorini, presidente do Sicom\u00e9rcio.<\/p>\n\n\n\n<div class=\"wp-block-image\"><figure class=\"aligncenter size-large is-resized\"><img loading=\"lazy\" decoding=\"async\" src=\"https:\/\/tvc16.com\/portal\/wp-content\/uploads\/2020\/12\/Alcool-disponivel-para-clientes-Loja-Marg-divulgacao-768x1024.jpg\" alt=\"\" class=\"wp-image-7811\" width=\"440\" height=\"586\" srcset=\"https:\/\/tvc16.com\/portal\/wp-content\/uploads\/2020\/12\/Alcool-disponivel-para-clientes-Loja-Marg-divulgacao-768x1024.jpg 768w, https:\/\/tvc16.com\/portal\/wp-content\/uploads\/2020\/12\/Alcool-disponivel-para-clientes-Loja-Marg-divulgacao-225x300.jpg 225w, https:\/\/tvc16.com\/portal\/wp-content\/uploads\/2020\/12\/Alcool-disponivel-para-clientes-Loja-Marg-divulgacao.jpg 960w\" sizes=\"auto, (max-width: 440px) 100vw, 440px\" \/><\/figure><\/div>\n\n\n\n<p>Para garantir seguran\u00e7a no atendimento, as lojas tiveram que se adaptar a esse novo momento do com\u00e9rcio. Est\u00e3o seguindo as diretrizes do decreto que garantiu a reabertura do com\u00e9rcio, como:<\/p>\n\n\n\n<p>Disposi\u00e7\u00e3o de \u00e1lcool em gel para higieniza\u00e7\u00e3o das m\u00e3os de clientes e colaboradores;<\/p>\n\n\n\n<p>Utiliza\u00e7\u00e3o de tapetes sanitizantes na entrada dos estabelecimentos;<\/p>\n\n\n\n<p>Limpeza constante do interior das lojas;<\/p>\n\n\n\n<p>Atendimento seguindo distanciamento de no m\u00ednimo 1,5m;<\/p>\n\n\n\n<p>Controle de acesso \u00e0s lojas para evitar aglomera\u00e7\u00e3o no interior dos estabelecimentos;<\/p>\n\n\n\n<p>Obrigatoriedade do uso de m\u00e1scaras pelos colaboradores e atendimento apenas aos clientes que, tamb\u00e9m, utilizem a prote\u00e7\u00e3o individual.<\/p>\n\n\n\n<p>O Sicom\u00e9rcio distribuiu eletronicamente aos associados e empres\u00e1rios do com\u00e9rcio em geral um lembrete das normas que devem ser seguidas e um alerta sobre o refor\u00e7o dos cuidados nesse momento em que a tend\u00eancia \u00e9 de aumento no fluxo de clientes por causa do per\u00edodo de fim de ano.<\/p>\n\n\n\n<p>\u201cEsse per\u00edodo \u00e9 o melhor para o nosso setor e n\u00e3o podemos correr o risco de fecharmos novamente em decorr\u00eancia do crescimento de casos. Mesmo com o prefeito garantindo que n\u00e3o haver\u00e1&nbsp;<em>lockdown<\/em>&nbsp;na cidade, as a\u00e7\u00f5es de combate ao novo coronav\u00edrus mudam constantemente. As lojas ficaram fechadas por 90 dias, foi um momento complicado para o com\u00e9rcio. Muitos perderam os empregos ou tiveram suas jornadas de trabalho reduzidas. Somos o segundo maior empregador da cidade e temos obriga\u00e7\u00f5es no munic\u00edpio. N\u00e3o queremos que mais vagas de trabalho se encerrem, agravando ainda mais a crise que estamos atravessando. Por isso \u00e9 importante que fa\u00e7amos a nossa parte com responsabilidade\u2019, refor\u00e7a Marcelo.<\/p>\n","protected":false},"excerpt":{"rendered":"<p>Objetivo \u00e9 colaborar com as a\u00e7\u00f5es de combate \u00e0 dissemina\u00e7\u00e3odo novo coronav\u00edrus na Cidade O<\/p>\n","protected":false},"author":2,"featured_media":7812,"comment_status":"open","ping_status":"open","sticky":false,"template":"","format":"standard","meta":{"footnotes":""},"categories":[12],"tags":[],"class_list":["post-7809","post","type-post","status-publish","format-standard","has-post-thumbnail","hentry","category-cidade"],"_links":{"self":[{"href":"https:\/\/tvc16.com\/portal\/wp-json\/wp\/v2\/posts\/7809","targetHints":{"allow":["GET"]}}],"collection":[{"href":"https:\/\/tvc16.com\/portal\/wp-json\/wp\/v2\/posts"}],"about":[{"href":"https:\/\/tvc16.com\/portal\/wp-json\/wp\/v2\/types\/post"}],"author":[{"embeddable":true,"href":"https:\/\/tvc16.com\/portal\/wp-json\/wp\/v2\/users\/2"}],"replies":[{"embeddable":true,"href":"https:\/\/tvc16.com\/portal\/wp-json\/wp\/v2\/comments?post=7809"}],"version-history":[{"count":1,"href":"https:\/\/tvc16.com\/portal\/wp-json\/wp\/v2\/posts\/7809\/revisions"}],"predecessor-version":[{"id":7813,"href":"https:\/\/tvc16.com\/portal\/wp-json\/wp\/v2\/posts\/7809\/revisions\/7813"}],"wp:featuredmedia":[{"embeddable":true,"href":"https:\/\/tvc16.com\/portal\/wp-json\/wp\/v2\/media\/7812"}],"wp:attachment":[{"href":"https:\/\/tvc16.com\/portal\/wp-json\/wp\/v2\/media?parent=7809"}],"wp:term":[{"taxonomy":"category","embeddable":true,"href":"https:\/\/tvc16.com\/portal\/wp-json\/wp\/v2\/categories?post=7809"},{"taxonomy":"post_tag","embeddable":true,"href":"https:\/\/tvc16.com\/portal\/wp-json\/wp\/v2\/tags?post=7809"}],"curies":[{"name":"wp","href":"https:\/\/api.w.org\/{rel}","templated":true}]}}