{"id":7814,"date":"2020-12-09T11:57:49","date_gmt":"2020-12-09T14:57:49","guid":{"rendered":"https:\/\/tvc16.com\/portal\/?p=7814"},"modified":"2020-12-09T11:57:52","modified_gmt":"2020-12-09T14:57:52","slug":"defesa-civil-realizou-vistoria-nos-pontos-de-apoio-do-duques-independencia-e-quitandinha","status":"publish","type":"post","link":"https:\/\/tvc16.com\/portal\/2020\/12\/09\/defesa-civil-realizou-vistoria-nos-pontos-de-apoio-do-duques-independencia-e-quitandinha\/","title":{"rendered":"Defesa Civil realizou vistoria nos pontos de apoio do Duques, Independ\u00eancia e Quitandinha"},"content":{"rendered":"\n<p>Seguindo o cronograma de prepara\u00e7\u00e3o do Plano Ver\u00e3o de Petr\u00f3polis 2021, a Secretaria de Defesa Civil e A\u00e7\u00f5es Volunt\u00e1rias realizou nesta ter\u00e7a-feira (08\/12) a vistoria dos pontos de apoio do Duques, Independ\u00eancia e Quitandinha.<\/p>\n\n\n\n<p>Desde a \u00faltima sexta-feira (04\/12) est\u00e3o sendo realizadas as inspe\u00e7\u00f5es nos pontos de apoio para atendimento a poss\u00edveis v\u00edtimas de chuvas fortes. A A\u00e7\u00e3o faz parte do Plano Ver\u00e3o de Petr\u00f3polis 2021, que ser\u00e1 lan\u00e7ado oficialmente no pr\u00f3ximo dia 10\/12.<\/p>\n\n\n\n<figure class=\"wp-block-image size-large\"><img loading=\"lazy\" decoding=\"async\" width=\"1024\" height=\"576\" src=\"https:\/\/tvc16.com\/portal\/wp-content\/uploads\/2020\/12\/WhatsApp-Image-2020-12-08-at-18.01.52-1024x576.jpeg\" alt=\"\" class=\"wp-image-7816\" srcset=\"https:\/\/tvc16.com\/portal\/wp-content\/uploads\/2020\/12\/WhatsApp-Image-2020-12-08-at-18.01.52-1024x576.jpeg 1024w, https:\/\/tvc16.com\/portal\/wp-content\/uploads\/2020\/12\/WhatsApp-Image-2020-12-08-at-18.01.52-300x169.jpeg 300w, https:\/\/tvc16.com\/portal\/wp-content\/uploads\/2020\/12\/WhatsApp-Image-2020-12-08-at-18.01.52-768x432.jpeg 768w, https:\/\/tvc16.com\/portal\/wp-content\/uploads\/2020\/12\/WhatsApp-Image-2020-12-08-at-18.01.52.jpeg 1280w\" sizes=\"auto, (max-width: 1024px) 100vw, 1024px\" \/><\/figure>\n\n\n\n<p>Hoje (08\/12) foram vistoriados os pontos na E.M. Odette Fonseca, no Duques, E. M. Alto Independ\u00eancia, no Independ\u00eancia, e a Escola Paroquial Bom Jesus, no Quitandinha. Todos os locais visitados at\u00e9 o momento est\u00e3o aptos a receberem poss\u00edveis v\u00edtimas de chuvas fortes.<\/p>\n\n\n\n<p>Nas visitas s\u00e3o verificadas as condi\u00e7\u00f5es dos dormit\u00f3rios tempor\u00e1rios, refeit\u00f3rios, banheiros, chuveiros entre outros. Tamb\u00e9m s\u00e3o testados os sistemas de alerta e sirenes. Tudo para que no per\u00edodo mais cr\u00edtico de chuvas a popula\u00e7\u00e3o possa ser atendida com conforto e seguran\u00e7a.<\/p>\n\n\n\n<p>Nesta quarta-feira (09\/12) a Defesa Civil encerrar\u00e1 o cronograma de visitas, vistoriando mais tr\u00eas pontos de apoio no Quitandinha, e um no Bingen.<\/p>\n\n\n\n<p>O Secret\u00e1rio de Defesa Civil, Coronel Paulo Renato Vaz ressalta o trabalho de preven\u00e7\u00e3o realizado durante a gest\u00e3o: \u201cDesde 2017 trabalhamos em prevenir e proteger os petropolitanos que vivem em \u00e1reas de risco. A preven\u00e7\u00e3o sempre foi, e continua sendo o nosso foco. Essa \u00e9 melhor forma de proteger e salvar vidas. E \u00e9 isso o que sempre nos cobrou o prefeito Bernardo Rossi\u201d, disse.<\/p>\n\n\n\n<p>Segundo dados publicados no portal de not\u00edcias G1 a cidade de Petr\u00f3polis teve nos \u00faltimos 4 anos o menor registro de v\u00edtimas fatais decorrentes de incidentes com chuvas fortes em duas d\u00e9cadas. O trabalho de preven\u00e7\u00e3o \u00e9 pensado justamente para manter esse n\u00famero pr\u00f3ximo de zero.<\/p>\n\n\n\n<p>A Defesa Civil informa que em casos de chuvas fortes e acionamento das sirenes, os moradores devem buscar imediatamente o ponto de apoio mais pr\u00f3ximo. O telefone 199 tamb\u00e9m fica dispon\u00edvel 24h para relatos de ocorr\u00eancias como deslizamentos e alagamentos.<\/p>\n","protected":false},"excerpt":{"rendered":"<p>Seguindo o cronograma de prepara\u00e7\u00e3o do Plano Ver\u00e3o de Petr\u00f3polis 2021, a Secretaria de Defesa<\/p>\n","protected":false},"author":2,"featured_media":7815,"comment_status":"open","ping_status":"open","sticky":false,"template":"","format":"standard","meta":{"footnotes":""},"categories":[12],"tags":[],"class_list":["post-7814","post","type-post","status-publish","format-standard","has-post-thumbnail","hentry","category-cidade"],"_links":{"self":[{"href":"https:\/\/tvc16.com\/portal\/wp-json\/wp\/v2\/posts\/7814","targetHints":{"allow":["GET"]}}],"collection":[{"href":"https:\/\/tvc16.com\/portal\/wp-json\/wp\/v2\/posts"}],"about":[{"href":"https:\/\/tvc16.com\/portal\/wp-json\/wp\/v2\/types\/post"}],"author":[{"embeddable":true,"href":"https:\/\/tvc16.com\/portal\/wp-json\/wp\/v2\/users\/2"}],"replies":[{"embeddable":true,"href":"https:\/\/tvc16.com\/portal\/wp-json\/wp\/v2\/comments?post=7814"}],"version-history":[{"count":1,"href":"https:\/\/tvc16.com\/portal\/wp-json\/wp\/v2\/posts\/7814\/revisions"}],"predecessor-version":[{"id":7817,"href":"https:\/\/tvc16.com\/portal\/wp-json\/wp\/v2\/posts\/7814\/revisions\/7817"}],"wp:featuredmedia":[{"embeddable":true,"href":"https:\/\/tvc16.com\/portal\/wp-json\/wp\/v2\/media\/7815"}],"wp:attachment":[{"href":"https:\/\/tvc16.com\/portal\/wp-json\/wp\/v2\/media?parent=7814"}],"wp:term":[{"taxonomy":"category","embeddable":true,"href":"https:\/\/tvc16.com\/portal\/wp-json\/wp\/v2\/categories?post=7814"},{"taxonomy":"post_tag","embeddable":true,"href":"https:\/\/tvc16.com\/portal\/wp-json\/wp\/v2\/tags?post=7814"}],"curies":[{"name":"wp","href":"https:\/\/api.w.org\/{rel}","templated":true}]}}