{"id":7818,"date":"2020-12-09T12:45:54","date_gmt":"2020-12-09T15:45:54","guid":{"rendered":"https:\/\/tvc16.com\/portal\/?p=7818"},"modified":"2020-12-09T12:45:56","modified_gmt":"2020-12-09T15:45:56","slug":"upa-centro-continua-recebendo-pessoas-com-suspeita-de-covid-19-somente-na-ultima-segunda-feira-7-a-unidade-realizou-230-atendimentos","status":"publish","type":"post","link":"https:\/\/tvc16.com\/portal\/2020\/12\/09\/upa-centro-continua-recebendo-pessoas-com-suspeita-de-covid-19-somente-na-ultima-segunda-feira-7-a-unidade-realizou-230-atendimentos\/","title":{"rendered":"UPA Centro continua recebendo pessoas com suspeita de Covid-19. Somente na \u00faltima segunda-feira (7), a Unidade realizou 230 atendimentos"},"content":{"rendered":"\n<p>O n\u00famero de casos na Cidade tem crescido consideravelmente. A Unidade de sa\u00fade est\u00e1 atendendo quem chega, mas o tempo de espera aumentou junto com a demanda. Segundo a Secretaria de Sa\u00fade, para agilizar o atendimento, a UPA recebeu na semana passada mais tr\u00eas profissionais.<\/p>\n\n\n\n<p>A prefeitura de Petr\u00f3polis informa que as equipes de atendimento dos pontos de apoio receberam refor\u00e7os para agilizar as consultas e procedimentos. <\/p>\n\n\n\n<figure class=\"wp-block-image size-large is-resized\"><img loading=\"lazy\" decoding=\"async\" src=\"https:\/\/tvc16.com\/portal\/wp-content\/uploads\/2020\/12\/IMG-20201209-WA0034-768x1024.jpg\" alt=\"\" class=\"wp-image-7819\" width=\"349\" height=\"466\" srcset=\"https:\/\/tvc16.com\/portal\/wp-content\/uploads\/2020\/12\/IMG-20201209-WA0034-768x1024.jpg 768w, https:\/\/tvc16.com\/portal\/wp-content\/uploads\/2020\/12\/IMG-20201209-WA0034-225x300.jpg 225w, https:\/\/tvc16.com\/portal\/wp-content\/uploads\/2020\/12\/IMG-20201209-WA0034.jpg 960w\" sizes=\"auto, (max-width: 349px) 100vw, 349px\" \/><figcaption>Pacientes aguardam atendimento, nesta quarta-feira (9), no ponto de apoio \u00e0 Covid-19, na UPA Centro<\/figcaption><\/figure>\n\n\n\n<p><strong>Atendimentos na \u00faltima semana <\/strong>&#8211; Itaipava (741) \/ Centro (1.243)<br><strong>Atendimentos em 07\/12 <\/strong>&#8211; Itaipava (138) \/ Centro (230)<br><strong>Atendimentos em Novembro<\/strong> \u2013 Itaipava (1.756) \/ Centro (3.533)<br><strong>Total de atendimentos desde o in\u00edcio da pandemia<\/strong> &#8211; Centro (18.767) \/ Itaipava (8.757)<\/p>\n\n\n\n<figure class=\"wp-block-image size-large is-resized\"><img loading=\"lazy\" decoding=\"async\" src=\"https:\/\/tvc16.com\/portal\/wp-content\/uploads\/2020\/12\/IMG-20201209-WA0035-768x1024.jpg\" alt=\"\" class=\"wp-image-7820\" width=\"341\" height=\"454\" srcset=\"https:\/\/tvc16.com\/portal\/wp-content\/uploads\/2020\/12\/IMG-20201209-WA0035-768x1024.jpg 768w, https:\/\/tvc16.com\/portal\/wp-content\/uploads\/2020\/12\/IMG-20201209-WA0035-225x300.jpg 225w, https:\/\/tvc16.com\/portal\/wp-content\/uploads\/2020\/12\/IMG-20201209-WA0035.jpg 960w\" sizes=\"auto, (max-width: 341px) 100vw, 341px\" \/><figcaption>Pacientes aguardam atendimento, nesta quarta-feira (9), no ponto de apoio \u00e0 Covid-19, na UPA Centro<\/figcaption><\/figure>\n\n\n\n<p>Por: Reda\u00e7\u00e3o TVC<\/p>\n\n\n\n<p>Fotos: Luciana Lamela<\/p>\n","protected":false},"excerpt":{"rendered":"<p>O n\u00famero de casos na Cidade tem crescido consideravelmente. A Unidade de sa\u00fade est\u00e1 atendendo<\/p>\n","protected":false},"author":2,"featured_media":7821,"comment_status":"open","ping_status":"open","sticky":false,"template":"","format":"standard","meta":{"footnotes":""},"categories":[12],"tags":[],"class_list":["post-7818","post","type-post","status-publish","format-standard","has-post-thumbnail","hentry","category-cidade"],"_links":{"self":[{"href":"https:\/\/tvc16.com\/portal\/wp-json\/wp\/v2\/posts\/7818","targetHints":{"allow":["GET"]}}],"collection":[{"href":"https:\/\/tvc16.com\/portal\/wp-json\/wp\/v2\/posts"}],"about":[{"href":"https:\/\/tvc16.com\/portal\/wp-json\/wp\/v2\/types\/post"}],"author":[{"embeddable":true,"href":"https:\/\/tvc16.com\/portal\/wp-json\/wp\/v2\/users\/2"}],"replies":[{"embeddable":true,"href":"https:\/\/tvc16.com\/portal\/wp-json\/wp\/v2\/comments?post=7818"}],"version-history":[{"count":1,"href":"https:\/\/tvc16.com\/portal\/wp-json\/wp\/v2\/posts\/7818\/revisions"}],"predecessor-version":[{"id":7822,"href":"https:\/\/tvc16.com\/portal\/wp-json\/wp\/v2\/posts\/7818\/revisions\/7822"}],"wp:featuredmedia":[{"embeddable":true,"href":"https:\/\/tvc16.com\/portal\/wp-json\/wp\/v2\/media\/7821"}],"wp:attachment":[{"href":"https:\/\/tvc16.com\/portal\/wp-json\/wp\/v2\/media?parent=7818"}],"wp:term":[{"taxonomy":"category","embeddable":true,"href":"https:\/\/tvc16.com\/portal\/wp-json\/wp\/v2\/categories?post=7818"},{"taxonomy":"post_tag","embeddable":true,"href":"https:\/\/tvc16.com\/portal\/wp-json\/wp\/v2\/tags?post=7818"}],"curies":[{"name":"wp","href":"https:\/\/api.w.org\/{rel}","templated":true}]}}