{"id":7845,"date":"2020-12-09T16:31:20","date_gmt":"2020-12-09T19:31:20","guid":{"rendered":"https:\/\/tvc16.com\/portal\/?p=7845"},"modified":"2020-12-09T16:31:22","modified_gmt":"2020-12-09T19:31:22","slug":"cancer-de-pele-dezembro-laranja-sensibiliza-as-pessoas-para-importancia-do-diagnostico-precoce-casos-representam-30-do-total-no-brasil","status":"publish","type":"post","link":"https:\/\/tvc16.com\/portal\/2020\/12\/09\/cancer-de-pele-dezembro-laranja-sensibiliza-as-pessoas-para-importancia-do-diagnostico-precoce-casos-representam-30-do-total-no-brasil\/","title":{"rendered":"C\u00e2ncer de pele: Dezembro Laranja sensibiliza as pessoas para import\u00e2ncia do diagn\u00f3stico precoce. Casos representam 30% do total no Brasil"},"content":{"rendered":"\n<p><strong>Pequenos cuidados s\u00e3o fundamentais para evitar c\u00e2ncer de pele, alerta oncologista do CTO<\/strong><\/p>\n\n\n\n<p><br>Somente neste\u00a0ano mais\u00a0de 176 mil brasileiros devem ter c\u00e2ncer de pele n\u00e3o melanoma. A estimativa \u00e9 do Instituto Nacional do C\u00e2ncer (Inca) e mostra a import\u00e2ncia de sensibilizar a sociedade para cuidados simples e b\u00e1sicos que podem evitar a doen\u00e7a &#8211; que j\u00e1 representa 30% do total de casos de c\u00e2ncer no pa\u00eds. Por isso, foi criada a campanha Dezembro Laranja, que traz informa\u00e7\u00f5es sobre o combate ao c\u00e2ncer de pele justamente com a chegada do ver\u00e3o e conscientiza sobre a import\u00e2ncia do diagn\u00f3stico precoce.<\/p>\n\n\n\n<p>A oncologista Ingrid Moura, do Centro de Terapia Oncol\u00f3gica (CTO) de Petr\u00f3polis, falou sobre o tratamento e garantiu: al\u00e9m de ser a melhor alternativa, \u00e9 f\u00e1cil se cuidar. Segundo a m\u00e9dica, os primeiros sinais que podem apontar o c\u00e2ncer de pele s\u00e3o manchas que co\u00e7am, ardem, descamam ou sangram, al\u00e9m de feridas que n\u00e3o se cicatrizam em at\u00e9 quatro semanas, especialmente nas \u00e1reas do corpo mais expostas ao sol. Ou seja: se aparecer um n\u00f3dulo, uma ferida, ou uma mancha persistente, \u00e9 preciso procurar um dermatologista. O m\u00e9dico far\u00e1 um exame cl\u00ednico &#8211; ou a dermatoscopia ou bi\u00f3psia &#8211; para investigar o caso.<\/p>\n\n\n\n<figure class=\"wp-block-image size-large is-style-rounded\"><img loading=\"lazy\" decoding=\"async\" width=\"1024\" height=\"577\" src=\"https:\/\/tvc16.com\/portal\/wp-content\/uploads\/2020\/12\/Oncologista-orienta-sobre-cuidados-para-evitar-o-cancer-de-pele-1-1024x577.png\" alt=\"\" class=\"wp-image-7846\" srcset=\"https:\/\/tvc16.com\/portal\/wp-content\/uploads\/2020\/12\/Oncologista-orienta-sobre-cuidados-para-evitar-o-cancer-de-pele-1-1024x577.png 1024w, https:\/\/tvc16.com\/portal\/wp-content\/uploads\/2020\/12\/Oncologista-orienta-sobre-cuidados-para-evitar-o-cancer-de-pele-1-300x169.png 300w, https:\/\/tvc16.com\/portal\/wp-content\/uploads\/2020\/12\/Oncologista-orienta-sobre-cuidados-para-evitar-o-cancer-de-pele-1-768x432.png 768w, https:\/\/tvc16.com\/portal\/wp-content\/uploads\/2020\/12\/Oncologista-orienta-sobre-cuidados-para-evitar-o-cancer-de-pele-1.png 1277w\" sizes=\"auto, (max-width: 1024px) 100vw, 1024px\" \/><figcaption>Dra. Ingrid Moura &#8211; oncologista<\/figcaption><\/figure>\n\n\n\n<p>Existem dois tipos de c\u00e2ncer de pele n\u00e3o melanoma: o carcinoma basocelular, que se caracteriza por les\u00e3o e tem evolu\u00e7\u00e3o lenta; e o carcinoma&nbsp;epidermoide,&nbsp;que surge por ferida ou sobre uma cicatriz, principalmente as decorrentes de queimadura. Nos dois casos, a cirurgia \u00e9 o tratamento mais indicado.<br><br>Para prevenir o c\u00e2ncer de pele alguns cuidados s\u00e3o&nbsp;fundamentais, como&nbsp;evitar a exposi\u00e7\u00e3o ao sol em hor\u00e1rios em que a incid\u00eancia dos raios ultravioletas \u00e9 maior. &#8220;\u00c9 preciso evitar os hor\u00e1rios entre 9h e 16h. Para algumas pessoas, no entanto, isso \u00e9 inevit\u00e1vel e, por isso, o uso do protetor solar \u00e9 fundamental &#8211; inclusive em dias nublados, pois os raios ultravioletas est\u00e3o ali, mesmo com o sol escondido. Tamb\u00e9m \u00e9 recomend\u00e1vel buscar sombras, toldos ou guarda-s\u00f3is, al\u00e9m do uso constante de bon\u00e9s e chap\u00e9us&#8221;, disse a oncologista.<br><br>E, se por um lado, o uso do protetor solar \u00e9 imprescind\u00edvel; por outro, \u00e9 importante que a pessoa use o produto certo, com o fator ideal para cada tipo de pele. Por isso, a dica \u00e9 consultar um dermatologista, que ir\u00e1 analisar as condi\u00e7\u00f5es de cada tipo de pele e, a partir da\u00ed, indicar o produto mais adequado.<br><br>A oncologista do CTO Petr\u00f3polis ressalta, ainda, que o uso do protetor solar di\u00e1rio \u00e9 recomendado a partir dos seis meses de idade. &#8220;Antes dos seis meses n\u00e3o \u00e9 recomendada a exposi\u00e7\u00e3o solar do beb\u00ea e nenhum filtro solar. Dos seis meses aos dois anos, indicamos os filtros solares mais espessos que s\u00e3o menos absorvidos pela pele. A partir dos dois anos, as crian\u00e7as podem usar os filtros mais comuns&#8221;, disse.<\/p>\n","protected":false},"excerpt":{"rendered":"<p>Pequenos cuidados s\u00e3o fundamentais para evitar c\u00e2ncer de pele, alerta oncologista do CTO Somente neste\u00a0ano<\/p>\n","protected":false},"author":2,"featured_media":7847,"comment_status":"open","ping_status":"open","sticky":false,"template":"","format":"standard","meta":{"footnotes":""},"categories":[12],"tags":[],"class_list":["post-7845","post","type-post","status-publish","format-standard","has-post-thumbnail","hentry","category-cidade"],"_links":{"self":[{"href":"https:\/\/tvc16.com\/portal\/wp-json\/wp\/v2\/posts\/7845","targetHints":{"allow":["GET"]}}],"collection":[{"href":"https:\/\/tvc16.com\/portal\/wp-json\/wp\/v2\/posts"}],"about":[{"href":"https:\/\/tvc16.com\/portal\/wp-json\/wp\/v2\/types\/post"}],"author":[{"embeddable":true,"href":"https:\/\/tvc16.com\/portal\/wp-json\/wp\/v2\/users\/2"}],"replies":[{"embeddable":true,"href":"https:\/\/tvc16.com\/portal\/wp-json\/wp\/v2\/comments?post=7845"}],"version-history":[{"count":1,"href":"https:\/\/tvc16.com\/portal\/wp-json\/wp\/v2\/posts\/7845\/revisions"}],"predecessor-version":[{"id":7848,"href":"https:\/\/tvc16.com\/portal\/wp-json\/wp\/v2\/posts\/7845\/revisions\/7848"}],"wp:featuredmedia":[{"embeddable":true,"href":"https:\/\/tvc16.com\/portal\/wp-json\/wp\/v2\/media\/7847"}],"wp:attachment":[{"href":"https:\/\/tvc16.com\/portal\/wp-json\/wp\/v2\/media?parent=7845"}],"wp:term":[{"taxonomy":"category","embeddable":true,"href":"https:\/\/tvc16.com\/portal\/wp-json\/wp\/v2\/categories?post=7845"},{"taxonomy":"post_tag","embeddable":true,"href":"https:\/\/tvc16.com\/portal\/wp-json\/wp\/v2\/tags?post=7845"}],"curies":[{"name":"wp","href":"https:\/\/api.w.org\/{rel}","templated":true}]}}